{"id":558,"date":"2015-04-29T00:25:00","date_gmt":"2015-04-29T00:25:00","guid":{"rendered":"http:\/\/focas.uniso.br\/index.php\/2015\/04\/29\/semana-asi-5\/"},"modified":"2015-04-29T00:25:00","modified_gmt":"2015-04-29T00:25:00","slug":"semana-asi-5","status":"publish","type":"post","link":"https:\/\/focas.uniso.br\/index.php\/2015\/04\/29\/semana-asi-5\/","title":{"rendered":"Semana ASI"},"content":{"rendered":"<div style=\"line-height: 200%;\">\n<div style=\"clear: both; text-align: center;\"><\/div>\n<div style=\"clear: both; text-align: center;\"><\/div>\n<div style=\"clear: both; text-align: center;\"><\/div>\n<div style=\"clear: both; text-align: center;\"><\/div>\n<div style=\"clear: both; text-align: center;\"><a href=\"http:\/\/4.bp.blogspot.com\/-JqRR30NMaVo\/VUupY2_YhqI\/AAAAAAAAD0E\/cPhgPJPFyYg\/s1600\/DSC030523.jpg\" style=\"margin-left: 1em; margin-right: 1em;\"><img loading=\"lazy\" decoding=\"async\" border=\"0\" height=\"300\" src=\"http:\/\/4.bp.blogspot.com\/-JqRR30NMaVo\/VUupY2_YhqI\/AAAAAAAAD0E\/cPhgPJPFyYg\/s400\/DSC030523.jpg\" width=\"400\" \/><\/a><\/div>\n<div style=\"clear: both; text-align: center;\"><\/div>\n<\/div>\n<div style=\"text-align: justify;\">C\u00e1ssia Chaves \u00e9 a primeira profissional a participar da 17\u00aa semana ASI de Jornalismo. Com mais de 20 anos na \u00e1rea de Relacionamento com a m\u00eddia, ela dividiu a experi\u00eancia com os alunos da Uniso. Confira com Catarina Mosquete.<\/div>\n<p><\/p>\n<div style=\"clear: both; text-align: center;\"><iframe loading=\"lazy\" allowfullscreen=\"\" data-thumbnail-src=\"https:\/\/i.ytimg.com\/vi\/EEKycbIdTV4\/0.jpg\" frameborder=\"0\" height=\"266\" src=\"https:\/\/www.youtube.com\/embed\/EEKycbIdTV4?feature=player_embedded\" width=\"320\"><\/iframe><\/div>\n","protected":false},"excerpt":{"rendered":"<p>C\u00e1ssia Chaves \u00e9 a primeira profissional a participar da 17\u00aa semana ASI de Jornalismo. Com mais de 20 anos na<\/p>\n","protected":false},"author":1,"featured_media":0,"comment_status":"open","ping_status":"open","sticky":false,"template":"","format":"standard","meta":{"colormag_page_container_layout":"default_layout","colormag_page_sidebar_layout":"default_layout","footnotes":""},"categories":[1],"tags":[],"class_list":["post-558","post","type-post","status-publish","format-standard","hentry","category-uncategorized"],"featured_image_urls":{"full":"","thumbnail":"","medium":"","medium_large":"","large":"","1536x1536":"","2048x2048":"","colormag-highlighted-post":"","colormag-featured-post-medium":"","colormag-featured-post-small":"","colormag-featured-image":"","colormag-default-news":"","colormag-featured-image-large":""},"author_info":{"info":["focas"]},"category_info":"<a href=\"https:\/\/focas.uniso.br\/index.php\/category\/uncategorized\/\" rel=\"category tag\">Uncategorized<\/a>","tag_info":"Uncategorized","comment_count":"0","_links":{"self":[{"href":"https:\/\/focas.uniso.br\/index.php\/wp-json\/wp\/v2\/posts\/558","targetHints":{"allow":["GET"]}}],"collection":[{"href":"https:\/\/focas.uniso.br\/index.php\/wp-json\/wp\/v2\/posts"}],"about":[{"href":"https:\/\/focas.uniso.br\/index.php\/wp-json\/wp\/v2\/types\/post"}],"author":[{"embeddable":true,"href":"https:\/\/focas.uniso.br\/index.php\/wp-json\/wp\/v2\/users\/1"}],"replies":[{"embeddable":true,"href":"https:\/\/focas.uniso.br\/index.php\/wp-json\/wp\/v2\/comments?post=558"}],"version-history":[{"count":0,"href":"https:\/\/focas.uniso.br\/index.php\/wp-json\/wp\/v2\/posts\/558\/revisions"}],"wp:attachment":[{"href":"https:\/\/focas.uniso.br\/index.php\/wp-json\/wp\/v2\/media?parent=558"}],"wp:term":[{"taxonomy":"category","embeddable":true,"href":"https:\/\/focas.uniso.br\/index.php\/wp-json\/wp\/v2\/categories?post=558"},{"taxonomy":"post_tag","embeddable":true,"href":"https:\/\/focas.uniso.br\/index.php\/wp-json\/wp\/v2\/tags?post=558"}],"curies":[{"name":"wp","href":"https:\/\/api.w.org\/{rel}","templated":true}]}}