{"id":561,"date":"2015-04-27T19:48:00","date_gmt":"2015-04-27T19:48:00","guid":{"rendered":"http:\/\/focas.uniso.br\/index.php\/2015\/04\/27\/ciclo-de-palestras\/"},"modified":"2015-04-27T19:48:00","modified_gmt":"2015-04-27T19:48:00","slug":"ciclo-de-palestras","status":"publish","type":"post","link":"https:\/\/focas.uniso.br\/index.php\/2015\/04\/27\/ciclo-de-palestras\/","title":{"rendered":"Ciclo de Palestras"},"content":{"rendered":"<div align=\"center\" style=\"text-align: center;\"><b>Come\u00e7a hoje a Semana de Jornalismo ASI \/ Uniso<\/b><br \/><b><br \/><\/b>O evento re\u00fane alunos e jornalistas experientes no mercado para abordar rotinas, desafios e tend\u00eancias da profiss\u00e3o<i style=\"line-height: 150%;\"><span style=\"font-family: &quot;Arial&quot;,&quot;sans-serif&quot;; line-height: 150%;\">.<\/span><\/i><br \/><i style=\"line-height: 150%;\"><span style=\"font-family: &quot;Arial&quot;,&quot;sans-serif&quot;; line-height: 150%;\"><br \/><\/span><\/i><\/div>\n<div style=\"text-align: justify;\">Considerada uma tradi\u00e7\u00e3o do curso de Jornalismo da Universidade de Sorocaba, a Semana de Jornalismo ASI \/ Uniso ser\u00e1 aberta na noite desta segunda-feira (27). Organizado em parceria com a Associa\u00e7\u00e3o Sorocabana de Imprensa (ASI), o evento tem o objetivo de debater, junto aos estudantes, o mercado e forma\u00e7\u00e3o profissional com a presen\u00e7a de convidados. A abertura acontece hoje (27), \u00e0s 19h30 e se encerra quarta-feira (29). <\/div>\n<div style=\"text-align: justify;\"><\/div>\n<div style=\"text-align: justify;\">Segundo a presidente da ASI, \u00c2ngela Fiorenzo, \u00e9 essencial esse contato do aluno com profissionais j\u00e1 formados. \u201cIncentivar o debate entre profissionais e estudantes de jornalismo \u00e9 abrir horizontes possibilitando que \u200bas viv\u00eancias e o \u200baprendizado nesse encontro estimulem a busca pela compreens\u00e3o e questionamento, pois sem perguntas e respostas, ficam prejudicadas as descobertas e o crescimento\u201d.<\/div>\n<div style=\"clear: both; text-align: center;\"><a href=\"http:\/\/1.bp.blogspot.com\/-sFowVPV_-ok\/VT6RRGqaWyI\/AAAAAAAADwE\/6uH5KC2la1I\/s1600\/Geral1.jpg\" style=\"margin-left: 1em; margin-right: 1em;\"><img loading=\"lazy\" decoding=\"async\" border=\"0\" src=\"http:\/\/1.bp.blogspot.com\/-sFowVPV_-ok\/VT6RRGqaWyI\/AAAAAAAADwE\/6uH5KC2la1I\/s1600\/Geral1.jpg\" height=\"277\" width=\"400\" \/><\/a><\/div>\n<div style=\"clear: both; text-align: center;\"><\/div>\n<div style=\"clear: both; text-align: center;\"><i><span style=\"font-family: inherit;\">A semana \u00e9 uma oportunidade para os estudantes<\/span><\/i><i><span style=\"font-family: inherit;\">&nbsp;terem contato com profissionais da \u00e1rea. (foto:Arquivo\/Ag\u00eanciaJor2013)<\/span><\/i><\/div>\n<div style=\"line-height: 150%; text-align: justify; text-indent: 35.45pt;\"><\/div>\n<div style=\"text-align: justify;\">Para a coordenadora do curso, Andrea Sanhudo, a semana \u00e9 uma oportunidade dos alunos se relacionarem com o mercado. \u201cA Semana promove a integra\u00e7\u00e3o entre estudantes e profissionais, e atende aos objetivos do curso de aproximar o mercado e a academia atrav\u00e9s da troca de experi\u00eancias.\u201d<\/div>\n<div style=\"text-align: justify;\"><\/div>\n<div style=\"text-align: justify;\">Como em todas as edi\u00e7\u00f5es s\u00e3o abordados assuntos que auxiliam na forma\u00e7\u00e3o dos estudantes. \u201cNesta, abordaremos a atua\u00e7\u00e3o do assessor de imprensa, o papel do radiojornalismo na sociedade e o novo jornalismo (jornalismo digital). Al\u00e9m de participar da palestra com o jornalista Caco Barcellos, a convite do curso de Rela\u00e7\u00f5es Internacionais.\u201d <\/div>\n<div style=\"text-align: justify;\"><\/div>\n<div style=\"text-align: justify;\">Todas as palestras da semana ASI ser\u00e3o realizadas na Cidade Universit\u00e1ria. O evento de Rela\u00e7\u00f5es Internacionais que ter\u00e1 a participa\u00e7\u00e3o do jornalista Caco Barcellos, acontece no dia 29 de maio, no Sal\u00e3o Vermelho do C\u00e2mpus Trujillo. Confira abaixo a programa\u00e7\u00e3o:<\/div>\n<div style=\"text-align: justify;\"><\/div>\n<div style=\"text-align: justify;\"><b>Dia 27- Segunda-Feira<\/b><\/div>\n<div style=\"text-align: justify;\"><\/div>\n<div style=\"text-align: justify;\">19h30 &#8211; C\u00e1ssia Chaves (Jornalista &#8211; Assessora de Comunica\u00e7\u00e3o \u2013 Especialista em Marketing e Comunica\u00e7\u00e3o Empresarial \u2013 ex-gestora de Comunica\u00e7\u00e3o da CCR).<\/div>\n<div style=\"text-align: justify;\"><\/div>\n<div style=\"text-align: justify;\"><b>Dia 28 \u2013 Ter\u00e7a-feira<\/b><\/div>\n<div style=\"text-align: justify;\"><\/div>\n<div style=\"text-align: justify;\">8h- Marcelo Cury (Jornalista e radialista \u2013 atualmente na R\u00e1dio Globo SP, onde atua como o \u201cXerife de S\u00e3o Paulo\u201d).<\/div>\n<div style=\"text-align: justify;\"><\/div>\n<div style=\"text-align: justify;\">19h30 \u2013 Mattheus Rocha (Jornalista \u2013 Diretor do Portal novojornalismo.com.br, atua com marketing digital, marketing de conte\u00fado e t\u00e9cnicas de jornalismo digital).<\/div>\n<div style=\"text-align: justify;\"><\/div>\n<div style=\"text-align: justify;\"><b> Dia 29 \u2013 Quarta-feira<\/b><\/div>\n<div style=\"text-align: justify;\"><\/div>\n<div style=\"text-align: justify;\">8h \u2013 C\u00edntia Araium (Jornalista \u2013 Assessora de Imprensa \u2013 atua como assessora de pessoas p\u00fablicas\/apresentadores de TV \u2013 (clientes atuais: Marcos Mion, Ticiane Pinheiro e Eliana. Foi rep\u00f3rter da R\u00e1dio Gazeta AM, de O Estado de S.Paulo e da revista Caras, e editora da revista Viver Bem).<\/div>\n<div style=\"text-align: justify;\"><\/div>\n<div style=\"text-align: justify;\">19h30 \u2013 &#8220;Brasil: Da Rota 66 \u00e0 continuidade da viol\u00eancia&#8221; Caco Barcellos<\/div>\n<div style=\"text-align: justify;\">Jornalista, rep\u00f3rter televisivo e escritor. Especializou-se em jornalismo investigativo, document\u00e1rios e reportagens sobre viol\u00eancia e injusti\u00e7a social. Autor dos livros &#8220;Rota 66&#8221;, &#8220;Abusado: o dono do morro Dona Marta&#8221; e &#8220;Nicar\u00e1gua: a Revolu\u00e7\u00e3o das Crian\u00e7as&#8221;. Apresenta atualmente o programa Profiss\u00e3o Rep\u00f3rter.<\/p>\n<p><span style=\"background-color: white; font-family: Arial, Helvetica, sans-serif; line-height: 20.7999992370605px; text-align: left;\"><b>Taiane Avalos (Ag\u00eanciaJor\/Uniso)<\/b><\/span><\/div>\n","protected":false},"excerpt":{"rendered":"<p>Come\u00e7a hoje a Semana de Jornalismo ASI \/ UnisoO evento re\u00fane alunos e jornalistas experientes no mercado para abordar rotinas,<\/p>\n","protected":false},"author":1,"featured_media":0,"comment_status":"open","ping_status":"open","sticky":false,"template":"","format":"standard","meta":{"colormag_page_container_layout":"default_layout","colormag_page_sidebar_layout":"default_layout","footnotes":""},"categories":[1],"tags":[],"class_list":["post-561","post","type-post","status-publish","format-standard","hentry","category-uncategorized"],"featured_image_urls":{"full":"","thumbnail":"","medium":"","medium_large":"","large":"","1536x1536":"","2048x2048":"","colormag-highlighted-post":"","colormag-featured-post-medium":"","colormag-featured-post-small":"","colormag-featured-image":"","colormag-default-news":"","colormag-featured-image-large":""},"author_info":{"info":["focas"]},"category_info":"<a href=\"https:\/\/focas.uniso.br\/index.php\/category\/uncategorized\/\" rel=\"category tag\">Uncategorized<\/a>","tag_info":"Uncategorized","comment_count":"0","_links":{"self":[{"href":"https:\/\/focas.uniso.br\/index.php\/wp-json\/wp\/v2\/posts\/561","targetHints":{"allow":["GET"]}}],"collection":[{"href":"https:\/\/focas.uniso.br\/index.php\/wp-json\/wp\/v2\/posts"}],"about":[{"href":"https:\/\/focas.uniso.br\/index.php\/wp-json\/wp\/v2\/types\/post"}],"author":[{"embeddable":true,"href":"https:\/\/focas.uniso.br\/index.php\/wp-json\/wp\/v2\/users\/1"}],"replies":[{"embeddable":true,"href":"https:\/\/focas.uniso.br\/index.php\/wp-json\/wp\/v2\/comments?post=561"}],"version-history":[{"count":0,"href":"https:\/\/focas.uniso.br\/index.php\/wp-json\/wp\/v2\/posts\/561\/revisions"}],"wp:attachment":[{"href":"https:\/\/focas.uniso.br\/index.php\/wp-json\/wp\/v2\/media?parent=561"}],"wp:term":[{"taxonomy":"category","embeddable":true,"href":"https:\/\/focas.uniso.br\/index.php\/wp-json\/wp\/v2\/categories?post=561"},{"taxonomy":"post_tag","embeddable":true,"href":"https:\/\/focas.uniso.br\/index.php\/wp-json\/wp\/v2\/tags?post=561"}],"curies":[{"name":"wp","href":"https:\/\/api.w.org\/{rel}","templated":true}]}}