{"id":562,"date":"2015-04-24T22:17:00","date_gmt":"2015-04-24T22:17:00","guid":{"rendered":"http:\/\/focas.uniso.br\/index.php\/2015\/04\/24\/comunicacao\/"},"modified":"2015-04-24T22:17:00","modified_gmt":"2015-04-24T22:17:00","slug":"comunicacao","status":"publish","type":"post","link":"https:\/\/focas.uniso.br\/index.php\/2015\/04\/24\/comunicacao\/","title":{"rendered":"Comunica\u00e7\u00e3o"},"content":{"rendered":"<div style=\"text-align: center;\"><span style=\"background-color: white;\"><span style=\"font-family: 'Helvetica Neue', Helvetica, Arial, sans-serif; font-size: 14px; line-height: 23.7999992370605px;\"><b>Semana ASI de comunica\u00e7\u00e3o recebe profissionais na Uniso<\/b><\/span><\/span><br \/><span style=\"background-color: white;\"><span style=\"font-family: 'Helvetica Neue', Helvetica, Arial, sans-serif; font-size: 14px; line-height: 23.7999992370605px;\"><b><br \/><\/b><\/span><\/span><\/div>\n<div style=\"clear: both; text-align: center;\"><a href=\"http:\/\/3.bp.blogspot.com\/-teiKKH0r-UU\/VVJU6H1r57I\/AAAAAAAAD2M\/cSXYfDZ8ubw\/s1600\/jornalismo1%2B2.jpg\" style=\"margin-left: 1em; margin-right: 1em;\"><img loading=\"lazy\" decoding=\"async\" border=\"0\" height=\"200\" src=\"http:\/\/3.bp.blogspot.com\/-teiKKH0r-UU\/VVJU6H1r57I\/AAAAAAAAD2M\/cSXYfDZ8ubw\/s400\/jornalismo1%2B2.jpg\" width=\"400\" \/><\/a><\/div>\n<div style=\"clear: both; text-align: center;\"><\/div>\n<p><span style=\"background-color: white;\"><span style=\"font-family: 'Helvetica Neue', Helvetica, Arial, sans-serif; font-size: 14px; line-height: 23.7999992370605px;\">De segunda (27)&nbsp;a quarta-feira (29), ser\u00e1 realizada a Semana de Jornalismo ASI\/Uniso, em parceria com a Associa\u00e7\u00e3o Sorocabana de Imprensa, em comemora\u00e7\u00e3o aos 20 anos do curso de Jornalismo da Uniso. O evento \u00e9 aberto \u00e0 comunidade acad\u00eamica, profissionais e demais interessados. Confira a programa\u00e7\u00e3o:<\/span><br \/><br style=\"font-family: 'Helvetica Neue', Helvetica, Arial, sans-serif; font-size: 14px; line-height: 23.7999992370605px;\" \/><strong style=\"background-attachment: initial; background-clip: initial; background-image: initial; background-origin: initial; background-position: initial; background-repeat: initial; background-size: initial; border: 0px; font-family: 'Helvetica Neue', Helvetica, Arial, sans-serif; font-size: 14px; line-height: 23.7999992370605px; margin: 0px; outline: 0px; padding: 0px; vertical-align: baseline;\">SEMANA DE JORNALISMO ASI\/UNISO<br \/>PROGRAMA\u00c7\u00c3O<\/strong><\/span><\/p>\n<div><span style=\"background-color: white;\"><span style=\"font-family: 'Helvetica Neue', Helvetica, Arial, sans-serif; font-size: 14px; line-height: 23.7999992370605px;\">Local: Audit\u00f3rio Central\/ Cidade Universit\u00e1ria Prof. Aldo Vannucchi<\/span><br style=\"font-family: 'Helvetica Neue', Helvetica, Arial, sans-serif; font-size: 14px; line-height: 23.7999992370605px;\" \/><br style=\"font-family: 'Helvetica Neue', Helvetica, Arial, sans-serif; font-size: 14px; line-height: 23.7999992370605px;\" \/><strong style=\"background-attachment: initial; background-clip: initial; background-image: initial; background-origin: initial; background-position: initial; background-repeat: initial; background-size: initial; border: 0px; font-family: 'Helvetica Neue', Helvetica, Arial, sans-serif; font-size: 14px; line-height: 23.7999992370605px; margin: 0px; outline: 0px; padding: 0px; vertical-align: baseline;\">Dia 27 \u2013 Segunda-feira<\/strong><br style=\"font-family: 'Helvetica Neue', Helvetica, Arial, sans-serif; font-size: 14px; line-height: 23.7999992370605px;\" \/><span style=\"font-family: 'Helvetica Neue', Helvetica, Arial, sans-serif; font-size: 14px; line-height: 23.7999992370605px;\">19h30 &#8211; C\u00e1ssia Chaves (Jornalista &#8211; Assessora de Comunica\u00e7\u00e3o \u2013 Especialista em Marketing e Comunica\u00e7\u00e3o Empresarial \u2013 ex-gestora de Comunica\u00e7\u00e3o da CCR)<\/span><br style=\"font-family: 'Helvetica Neue', Helvetica, Arial, sans-serif; font-size: 14px; line-height: 23.7999992370605px;\" \/><br style=\"font-family: 'Helvetica Neue', Helvetica, Arial, sans-serif; font-size: 14px; line-height: 23.7999992370605px;\" \/><strong style=\"background-attachment: initial; background-clip: initial; background-image: initial; background-origin: initial; background-position: initial; background-repeat: initial; background-size: initial; border: 0px; font-family: 'Helvetica Neue', Helvetica, Arial, sans-serif; font-size: 14px; line-height: 23.7999992370605px; margin: 0px; outline: 0px; padding: 0px; vertical-align: baseline;\">Dia 28 \u2013 Ter\u00e7a-feira<\/strong><span style=\"font-family: 'Helvetica Neue', Helvetica, Arial, sans-serif; font-size: 14px; line-height: 23.7999992370605px;\">8h- Marcelo Cury (Jornalista e radialista \u2013 atualmente na R\u00e1dio Globo SP, onde atua como o \u201cXerife de S\u00e3o Paulo\u201d)<\/span><br style=\"font-family: 'Helvetica Neue', Helvetica, Arial, sans-serif; font-size: 14px; line-height: 23.7999992370605px;\" \/><br style=\"font-family: 'Helvetica Neue', Helvetica, Arial, sans-serif; font-size: 14px; line-height: 23.7999992370605px;\" \/><span style=\"font-family: 'Helvetica Neue', Helvetica, Arial, sans-serif; font-size: 14px; line-height: 23.7999992370605px;\">19h30 \u2013 Mattheus Rocha (Jornalista \u2013 Diretor do Portal novojornalismo.com.br, atua com marketing digital, marketing de conte\u00fado e t\u00e9cnicas de jornalismo digital)<\/span><br style=\"font-family: 'Helvetica Neue', Helvetica, Arial, sans-serif; font-size: 14px; line-height: 23.7999992370605px;\" \/><br style=\"font-family: 'Helvetica Neue', Helvetica, Arial, sans-serif; font-size: 14px; line-height: 23.7999992370605px;\" \/><strong style=\"background-attachment: initial; background-clip: initial; background-image: initial; background-origin: initial; background-position: initial; background-repeat: initial; background-size: initial; border: 0px; font-family: 'Helvetica Neue', Helvetica, Arial, sans-serif; font-size: 14px; line-height: 23.7999992370605px; margin: 0px; outline: 0px; padding: 0px; vertical-align: baseline;\">Dia 29 \u2013 Quarta-feira<\/strong><span style=\"font-family: 'Helvetica Neue', Helvetica, Arial, sans-serif; font-size: 14px; line-height: 23.7999992370605px;\">8h \u2013 C\u00edntia Araium (Jornalista \u2013 Assessora de Imprensa \u2013 atua como assessora de pessoas p\u00fablicas\/apresentadores de TV \u2013 (clientes atuais: Marcos Mion, Ticiane Pinheiro e Eliana. Foi rep\u00f3rter da R\u00e1dio Gazeta AM, de O Estado de S.Paulo e da revista Caras, e editora da revista Viver Bem)<\/span><\/span><\/div>\n","protected":false},"excerpt":{"rendered":"<p>Semana ASI de comunica\u00e7\u00e3o recebe profissionais na Uniso De segunda (27)&nbsp;a quarta-feira (29), ser\u00e1 realizada a Semana de Jornalismo ASI\/Uniso,<\/p>\n","protected":false},"author":1,"featured_media":0,"comment_status":"open","ping_status":"open","sticky":false,"template":"","format":"standard","meta":{"colormag_page_container_layout":"default_layout","colormag_page_sidebar_layout":"default_layout","footnotes":""},"categories":[1],"tags":[],"class_list":["post-562","post","type-post","status-publish","format-standard","hentry","category-uncategorized"],"featured_image_urls":{"full":"","thumbnail":"","medium":"","medium_large":"","large":"","1536x1536":"","2048x2048":"","colormag-highlighted-post":"","colormag-featured-post-medium":"","colormag-featured-post-small":"","colormag-featured-image":"","colormag-default-news":"","colormag-featured-image-large":""},"author_info":{"info":["focas"]},"category_info":"<a href=\"https:\/\/focas.uniso.br\/index.php\/category\/uncategorized\/\" rel=\"category tag\">Uncategorized<\/a>","tag_info":"Uncategorized","comment_count":"0","_links":{"self":[{"href":"https:\/\/focas.uniso.br\/index.php\/wp-json\/wp\/v2\/posts\/562","targetHints":{"allow":["GET"]}}],"collection":[{"href":"https:\/\/focas.uniso.br\/index.php\/wp-json\/wp\/v2\/posts"}],"about":[{"href":"https:\/\/focas.uniso.br\/index.php\/wp-json\/wp\/v2\/types\/post"}],"author":[{"embeddable":true,"href":"https:\/\/focas.uniso.br\/index.php\/wp-json\/wp\/v2\/users\/1"}],"replies":[{"embeddable":true,"href":"https:\/\/focas.uniso.br\/index.php\/wp-json\/wp\/v2\/comments?post=562"}],"version-history":[{"count":0,"href":"https:\/\/focas.uniso.br\/index.php\/wp-json\/wp\/v2\/posts\/562\/revisions"}],"wp:attachment":[{"href":"https:\/\/focas.uniso.br\/index.php\/wp-json\/wp\/v2\/media?parent=562"}],"wp:term":[{"taxonomy":"category","embeddable":true,"href":"https:\/\/focas.uniso.br\/index.php\/wp-json\/wp\/v2\/categories?post=562"},{"taxonomy":"post_tag","embeddable":true,"href":"https:\/\/focas.uniso.br\/index.php\/wp-json\/wp\/v2\/tags?post=562"}],"curies":[{"name":"wp","href":"https:\/\/api.w.org\/{rel}","templated":true}]}}