{"id":657,"date":"2013-05-22T17:55:00","date_gmt":"2013-05-22T17:55:00","guid":{"rendered":"http:\/\/focas.uniso.br\/index.php\/2013\/05\/22\/sarau-o-poder-transformador-da-palavra\/"},"modified":"2013-05-22T17:55:00","modified_gmt":"2013-05-22T17:55:00","slug":"sarau-o-poder-transformador-da-palavra","status":"publish","type":"post","link":"https:\/\/focas.uniso.br\/index.php\/2013\/05\/22\/sarau-o-poder-transformador-da-palavra\/","title":{"rendered":"SARAU  O poder transformador da palavra"},"content":{"rendered":"<div style=\"text-align: justify;\">O poeta paulistano Roberto Piva disse certa vez em entrevista que \u201ca popula\u00e7\u00e3o foi lobotomizada, foi arrancado um peda\u00e7o do seu c\u00e9rebro e a \u00fanica forma de repor esta parte subtra\u00edda \u00e9 atrav\u00e9s da palavra po\u00e9tica\u201d. Jos\u00e9 Alves de Miranda, conhecido apenas por Z\u00e9, propriet\u00e1rio do bar Cantinho Girassol, no bairro Wanel Ville 1, parece comungar com essa senten\u00e7a. \u201cO governo n\u00e3o investe em educa\u00e7\u00e3o, a ideia \u00e9 n\u00e3o educar mesmo. Manipular um povo sem forma\u00e7\u00e3o \u00e9 muito mais f\u00e1cil. Atrav\u00e9s da educa\u00e7\u00e3o e cultura podemos mudar o pa\u00eds, o mundo\u201d, diz o comerciante. Ele mant\u00e9m, junto com sua mulher, Cicera de Miranda, um espa\u00e7o dedicado \u00e0 literatura e promove quinzenalmente o sarau \u201cPalavra Encantada\u201d, evento que re\u00fane compositores musicais, poetas e qualquer pessoa que deseje declamar seus versos, cantar ou at\u00e9 mesmo encenar esquetes teatrais. O microfone \u00e9, democraticamente, aberto a todos. \u201c\u00c9 o sarau para o povo, n\u00e3o para a elite, n\u00e3o para meia d\u00fazia de privilegiados\u201d, completa.<\/div>\n<div style=\"text-align: justify;\"><\/div>\n<div style=\"text-align: justify;\"><b>Livros em m\u00e3os livres<\/b> &#8211; H\u00e1 um ano e tr\u00eas meses \u00e0 frente do estabelecimento, Z\u00e9 j\u00e1 conseguiu importantes avan\u00e7os em seu projeto. Come\u00e7ou, com apenas 10 livros, uma biblioteca comunit\u00e1ria. Hoje h\u00e1 por volta de 300 t\u00edtulos no acervo. \u201cIncentivar a leitura \u00e9 o objetivo. Coloquei livros sabendo que ia atrair o p\u00fablico, o que j\u00e1 est\u00e1 surtindo efeito. O brasileiro l\u00ea muito pouco. A biblioteca \u00e9 voltada \u00e0 comunidade, \u00e0s pessoas que n\u00e3o tem acesso aos livros. Temos o exemplo de um cara casado com uma mulher que nunca tinha lido um livro em toda sua vida! Ela come\u00e7ou a ler aqui e j\u00e1 pegou mais tr\u00eas livros.\u201d<\/div>\n<div style=\"text-align: justify;\"><\/div>\n<div style=\"text-align: justify;\">Correndo os olhos pelas prateleiras presas \u00e0 parede, \u00e9 poss\u00edvel reconhecer grandes nomes da literatura universal de todos os tempos, pensadores que ajudaram a mudar o rumo cognitivo, espiritual e ideol\u00f3gico de nossa civiliza\u00e7\u00e3o e a alargar o di\u00e2metro do cr\u00e2nio de muita gente ao redor do planeta, sobretudo no Ocidente. Fil\u00f3sofos, romancistas e poetas de primeiro escal\u00e3o e valioso quilate hist\u00f3rico enobrecem o ambiente e o tornam, subitamente, rico. Z\u00e9 explica como funciona o empr\u00e9stimo de livros e a manuten\u00e7\u00e3o da biblioteca. \u201c\u00c9 gratuito. Se o leitor for conhecido da gente e se interessar por um livro, pode levar. Se n\u00e3o for daqui e estiver casualmente de passagem, ele pode deixar um livro seu e levar outro \u00e0 sua escolha. Todos os livros que recebemos s\u00e3o de doa\u00e7\u00f5es, s\u00f3 hoje recebi 30. A tend\u00eancia \u00e9 crescer ainda mais.\u201d Ele lembra um projeto similar que mantinha no bairro do Br\u00e1s, em S\u00e3o Paulo, h\u00e1 alguns anos. \u201cChegamos a ter mais de mil livros l\u00e1. Faz\u00edamos o \u201cSarau da Amizade\u201d, que reunia, em m\u00e9dia, 400 pessoas. Meu bar, o \u2018Pioneiros do Br\u00e1s\u2019, fazia parte da agenda cultural da cidade. Viemos a Sorocaba com a ideia de implantar um bar nesses mesmos moldes porque h\u00e1 aqui uma efervesc\u00eancia cultural, s\u00f3 que faltava um espa\u00e7o alternativo e livre.\u201d<\/div>\n<div style=\"text-align: justify;\"><\/div>\n<div style=\"text-align: justify;\"><b>O encanto da palavra<\/b> &#8211; \u201cComecei a escrever poesia em 1966, e tenho ainda todos os meus poemas desde aquela data. Todos, obviamente, com muitos erros de portugu\u00eas e de concord\u00e2ncia, mas ainda assim os guardo, sem corrigir nada\u201d, conta Dado Carvalho, 66 anos, componente do Coes\u00e3o Po\u00e9tica, grupo sorocabano formado atualmente por 14 poetas e que \u00e9 presen\u00e7a certa nos saraus \u201cPalavra Encantada\u201d, promovidos no Cantinho Girassol.<\/div>\n<div style=\"text-align: justify;\"><\/div>\n<div style=\"text-align: justify;\">&nbsp;Dado elogia a iniciativa, e destaca a resist\u00eancia em promover cultura mesmo sem nenhum incentivo governamental. \u201cCom essa proposta do Z\u00e9, percebemos o qu\u00e3o f\u00e1cil \u00e9 espalhar cultura na comunidade, desde que se queira. N\u00e3o precisa mais nada, e tem a grande vantagem de n\u00e3o depender do dinheiro do poder p\u00fablico. Eu, particularmente, fiquei pasmo ao ver tanta gente apreciando poesia e aplaudindo estrepitosamente cada colega que declamava. A poesia \u00e9 do povo e para o povo.\u201d<\/div>\n<div style=\"text-align: justify;\"><\/div>\n<div style=\"text-align: justify;\">Carvalho recorda de seu in\u00e9dito contato com um livro mais complexo, al\u00e9m das hist\u00f3rias em quadrinho que j\u00e1 lia com avidez. \u201cO primeiro livro que li foi \u201cO Pr\u00edncipe e o Mendigo\u201d, de Mark Twain, cujo volume mandei encadernar e tenho at\u00e9 hoje. Eu tinha uns 17 anos.\u201d Ele fala tamb\u00e9m das realiza\u00e7\u00f5es e perspectivas do grupo do qual faz parte, o Coes\u00e3o Po\u00e9tica. \u201c\u00c9 um grupo que est\u00e1 crescendo, inclusive em atividades. J\u00e1 fizemos dois concursos, sendo um de poesia, em \u00e2mbito regional, e um de contos, esse em \u00e2mbito internacional. Agora, pretendemos realizar um somente para Sorocaba, dirigido exclusivamente \u00e0 classe estudantil.\u201d<\/div>\n<div style=\"text-align: justify;\"><\/div>\n<div style=\"text-align: justify;\">Mas n\u00e3o s\u00e3o apenas escritores de longa data que comandam o sarau. Qualquer um pode se inscrever na lista feita minutos antes do in\u00edcio das apresenta\u00e7\u00f5es e se expressar no espa\u00e7o usado como palco, conta Z\u00e9. \u201cTem o Peninha [me aponta um sujeito que bebe tranquilamente no balc\u00e3o], fregu\u00eas do bar, que j\u00e1 recitou Cora Coralina uma vez. No come\u00e7o, algumas pessoas nem sabiam o que significavam a palavra sarau. Tem um rapaz tamb\u00e9m, o J\u00falio, funileiro e pintor, que j\u00e1 tem mais de 200 m\u00fasicas compostas. Ele se apresentou duas vezes aqui, cantando com muita emo\u00e7\u00e3o.\u201d<\/div>\n<div style=\"text-align: justify;\"><\/div>\n<div style=\"text-align: justify;\">No repert\u00f3rio musical dos saraus, Z\u00e9 indica que o que predomina \u00e9 a m\u00fasica nacional, como a MPB e can\u00e7\u00f5es folcl\u00f3ricas, e conclui: \u201cUm cidad\u00e3o bem instru\u00eddo vai ser uma pessoa melhor. A cultura \u00e9 muito importante.\u201d<\/div>\n<div style=\"text-align: justify;\"><\/div>\n<div style=\"text-align: justify;\"><b>Servi\u00e7o<\/b> &#8211; O bar e lanchonete Cantinho Girassol fica na rua Alexandre Caldini, 516, bairro Wanel Ville 1, Sorocaba, pr\u00f3ximo \u00e0 Escola Estadual Ana Cec\u00edlia Martins. O pr\u00f3ximo sarau \u201cPalavra Encantada\u201d acontece em 25 de maio, s\u00e1bado, a partir das 17h. A entrada \u00e9 gratuita. Mais informa\u00e7\u00f5es podem ser obtidas na p\u00e1gina do Cantinho Girassol no Facebook.<\/div>\n<p><center><embed flashvars=\"host=picasaweb.google.com&amp;captions=1&amp;hl=pt_BR&amp;feat=flashalbum&amp;RGB=0x000000&amp;feed=https%3A%2F%2Fpicasaweb.google.com%2Fdata%2Ffeed%2Fapi%2Fuser%2F117328521640441979969%2Falbumid%2F5880859335534573345%3Falt%3Drss%26kind%3Dphoto%26hl%3Dpt_BR\" height=\"400\" pluginspage=\"http:\/\/www.macromedia.com\/go\/getflashplayer\" src=\"https:\/\/picasaweb.google.com\/s\/c\/bin\/slideshow.swf\" type=\"application\/x-shockwave-flash\" width=\"600\"><\/embed><\/center><\/p>\n<div style=\"text-align: right;\"><b>Lucas Montenegro (Ag\u00eanciaJor\/Uniso)<\/b><\/p>\n<div style=\"clear: both; text-align: center;\"><a href=\"http:\/\/4.bp.blogspot.com\/-6JiPmN9_oG4\/UZ0GlF1oDXI\/AAAAAAAACPg\/GTQ2DAWFUL4\/s1600\/Detalhe+de+cartaz+com+cita%C3%A7%C3%A3o+de+Monteiro+Lobato,+'Um+pa%C3%ADs+se+faz+com+homens+e+livros'++(foto+de+Lucas+Montenegro).JPG\" style=\"margin-left: 1em; margin-right: 1em;\"><img loading=\"lazy\" decoding=\"async\" border=\"0\" src=\"http:\/\/4.bp.blogspot.com\/-6JiPmN9_oG4\/UZ0GlF1oDXI\/AAAAAAAACPg\/GTQ2DAWFUL4\/s1600\/Detalhe+de+cartaz+com+cita%C3%A7%C3%A3o+de+Monteiro+Lobato,+'Um+pa%C3%ADs+se+faz+com+homens+e+livros'++(foto+de+Lucas+Montenegro).JPG\" height=\"0\" width=\"0\" \/><\/a><\/div>\n<p><b><br \/><\/b><\/div>\n","protected":false},"excerpt":{"rendered":"<p>O poeta paulistano Roberto Piva disse certa vez em entrevista que \u201ca popula\u00e7\u00e3o foi lobotomizada, foi arrancado um peda\u00e7o do<\/p>\n","protected":false},"author":1,"featured_media":0,"comment_status":"open","ping_status":"open","sticky":false,"template":"","format":"standard","meta":{"colormag_page_container_layout":"default_layout","colormag_page_sidebar_layout":"default_layout","footnotes":""},"categories":[20],"tags":[],"class_list":["post-657","post","type-post","status-publish","format-standard","hentry","category-noticias"],"featured_image_urls":{"full":"","thumbnail":"","medium":"","medium_large":"","large":"","1536x1536":"","2048x2048":"","colormag-highlighted-post":"","colormag-featured-post-medium":"","colormag-featured-post-small":"","colormag-featured-image":"","colormag-default-news":"","colormag-featured-image-large":""},"author_info":{"info":["focas"]},"category_info":"<a href=\"https:\/\/focas.uniso.br\/index.php\/category\/noticias\/\" rel=\"category tag\">Not\u00edcias<\/a>","tag_info":"Not\u00edcias","comment_count":"1","_links":{"self":[{"href":"https:\/\/focas.uniso.br\/index.php\/wp-json\/wp\/v2\/posts\/657","targetHints":{"allow":["GET"]}}],"collection":[{"href":"https:\/\/focas.uniso.br\/index.php\/wp-json\/wp\/v2\/posts"}],"about":[{"href":"https:\/\/focas.uniso.br\/index.php\/wp-json\/wp\/v2\/types\/post"}],"author":[{"embeddable":true,"href":"https:\/\/focas.uniso.br\/index.php\/wp-json\/wp\/v2\/users\/1"}],"replies":[{"embeddable":true,"href":"https:\/\/focas.uniso.br\/index.php\/wp-json\/wp\/v2\/comments?post=657"}],"version-history":[{"count":0,"href":"https:\/\/focas.uniso.br\/index.php\/wp-json\/wp\/v2\/posts\/657\/revisions"}],"wp:attachment":[{"href":"https:\/\/focas.uniso.br\/index.php\/wp-json\/wp\/v2\/media?parent=657"}],"wp:term":[{"taxonomy":"category","embeddable":true,"href":"https:\/\/focas.uniso.br\/index.php\/wp-json\/wp\/v2\/categories?post=657"},{"taxonomy":"post_tag","embeddable":true,"href":"https:\/\/focas.uniso.br\/index.php\/wp-json\/wp\/v2\/tags?post=657"}],"curies":[{"name":"wp","href":"https:\/\/api.w.org\/{rel}","templated":true}]}}