{"id":658,"date":"2013-05-22T16:30:00","date_gmt":"2013-05-22T16:30:00","guid":{"rendered":"http:\/\/focas.uniso.br\/index.php\/2013\/05\/22\/jornalismo-digital-luis-nassif-ministra-palestra-sobre-futuro-da-profissao\/"},"modified":"2013-05-22T16:30:00","modified_gmt":"2013-05-22T16:30:00","slug":"jornalismo-digital-luis-nassif-ministra-palestra-sobre-futuro-da-profissao","status":"publish","type":"post","link":"https:\/\/focas.uniso.br\/index.php\/2013\/05\/22\/jornalismo-digital-luis-nassif-ministra-palestra-sobre-futuro-da-profissao\/","title":{"rendered":"JORNALISMO DIGITAL  Luis Nassif ministra palestra sobre futuro da profiss\u00e3o"},"content":{"rendered":"<div style=\"text-align: justify;\">Os estudantes de jornalismo da Uniso receberam, na \u00faltima sexta-feira (17), o jornalista e comentarista econ\u00f4mico do Jornal da TV Brasil, Luis Nassif, para um debate sobre jornalismo na web, seu aspecto colaborativo e o papel da tecnologia no futuro da profiss\u00e3o. A palestra complementa o componente curricular Jornalismo Digital, ministrado pela professora Evenize Batista, que intermediou o evento.&nbsp;<\/div>\n<div style=\"text-align: justify;\"><\/div>\n<div style=\"text-align: justify;\">Nassif abordou tend\u00eancias que podem formar o &#8220;jornalista do futuro&#8221;, focando no aux\u00edlio de ferramentas na Internet a favor da profiss\u00e3o, como a gest\u00e3o do conhecimento, que utiliza um conjunto de informa\u00e7\u00f5es coletadas atrav\u00e9s de programas e pesquisas, para a montagem de mat\u00e9rias mais estruturadas e aprimoradas.&nbsp;<\/div>\n<div style=\"text-align: justify;\"><\/div>\n<div style=\"text-align: justify;\">O jornalista tamb\u00e9m destacou a import\u00e2ncia do esp\u00edrito colaborativo no jornalismo digital, al\u00e9m de afirmar o fim do jornalismo \u201cde papel\u201d. Nassif recentemente lan\u00e7ou um portal colaborativo na Internet, com a proposta de abrir ao p\u00fablico a discuss\u00e3o das not\u00edcias veiculadas no site, horizontalizando a comunica\u00e7\u00e3o.&nbsp;<\/div>\n<div style=\"text-align: justify;\"><\/div>\n<div style=\"text-align: justify;\">Al\u00e9m de comentarista da TV Brasil, atualmente, Luis Nassif \u00e9 diretor superintendente da Ag\u00eancia Dinheiro Vivo, a primeira empresa de informa\u00e7\u00f5es eletr\u00f4nicas do pa\u00eds. O jornalista j\u00e1 trabalhou em ve\u00edculos como Jornal da Tarde, Folha de S\u00e3o Paulo e TV Gazeta. Acompanhe Luis Nassif na internet: blogln.ning.com, www.advivo.com.br\/luisnassif e www.jornalggn.com.br .&nbsp;<\/div>\n<div style=\"text-align: justify;\"><\/div>\n<p><center><embed flashvars=\"host=picasaweb.google.com&amp;captions=1&amp;hl=pt_BR&amp;feat=flashalbum&amp;RGB=0x000000&amp;feed=https%3A%2F%2Fpicasaweb.google.com%2Fdata%2Ffeed%2Fapi%2Fuser%2F117328521640441979969%2Falbumid%2F5880866392170000273%3Falt%3Drss%26kind%3Dphoto%26hl%3Dpt_BR\" height=\"400\" pluginspage=\"http:\/\/www.macromedia.com\/go\/getflashplayer\" src=\"https:\/\/picasaweb.google.com\/s\/c\/bin\/slideshow.swf\" type=\"application\/x-shockwave-flash\" width=\"600\"><\/embed><\/center><\/p>\n<div style=\"text-align: right;\"><b>Leonardo Moraes (Ag\u00eanciaJor\/Uniso)<\/b><\/p>\n<div style=\"clear: both; text-align: center;\"><a href=\"http:\/\/3.bp.blogspot.com\/-0eJSeY15IQg\/UZ0KGFS7Z3I\/AAAAAAAACQ0\/AFsN1n4F_s0\/s1600\/DSC07934.JPG\" style=\"margin-left: 1em; margin-right: 1em;\"><img loading=\"lazy\" decoding=\"async\" border=\"0\" src=\"http:\/\/3.bp.blogspot.com\/-0eJSeY15IQg\/UZ0KGFS7Z3I\/AAAAAAAACQ0\/AFsN1n4F_s0\/s1600\/DSC07934.JPG\" height=\"0\" width=\"0\" \/><\/a><\/div>\n<p><b><br \/><\/b><\/div>\n","protected":false},"excerpt":{"rendered":"<p>Os estudantes de jornalismo da Uniso receberam, na \u00faltima sexta-feira (17), o jornalista e comentarista econ\u00f4mico do Jornal da TV<\/p>\n","protected":false},"author":1,"featured_media":0,"comment_status":"open","ping_status":"open","sticky":false,"template":"","format":"standard","meta":{"colormag_page_container_layout":"default_layout","colormag_page_sidebar_layout":"default_layout","footnotes":""},"categories":[1],"tags":[],"class_list":["post-658","post","type-post","status-publish","format-standard","hentry","category-uncategorized"],"featured_image_urls":{"full":"","thumbnail":"","medium":"","medium_large":"","large":"","1536x1536":"","2048x2048":"","colormag-highlighted-post":"","colormag-featured-post-medium":"","colormag-featured-post-small":"","colormag-featured-image":"","colormag-default-news":"","colormag-featured-image-large":""},"author_info":{"info":["focas"]},"category_info":"<a href=\"https:\/\/focas.uniso.br\/index.php\/category\/uncategorized\/\" rel=\"category tag\">Uncategorized<\/a>","tag_info":"Uncategorized","comment_count":"0","_links":{"self":[{"href":"https:\/\/focas.uniso.br\/index.php\/wp-json\/wp\/v2\/posts\/658","targetHints":{"allow":["GET"]}}],"collection":[{"href":"https:\/\/focas.uniso.br\/index.php\/wp-json\/wp\/v2\/posts"}],"about":[{"href":"https:\/\/focas.uniso.br\/index.php\/wp-json\/wp\/v2\/types\/post"}],"author":[{"embeddable":true,"href":"https:\/\/focas.uniso.br\/index.php\/wp-json\/wp\/v2\/users\/1"}],"replies":[{"embeddable":true,"href":"https:\/\/focas.uniso.br\/index.php\/wp-json\/wp\/v2\/comments?post=658"}],"version-history":[{"count":0,"href":"https:\/\/focas.uniso.br\/index.php\/wp-json\/wp\/v2\/posts\/658\/revisions"}],"wp:attachment":[{"href":"https:\/\/focas.uniso.br\/index.php\/wp-json\/wp\/v2\/media?parent=658"}],"wp:term":[{"taxonomy":"category","embeddable":true,"href":"https:\/\/focas.uniso.br\/index.php\/wp-json\/wp\/v2\/categories?post=658"},{"taxonomy":"post_tag","embeddable":true,"href":"https:\/\/focas.uniso.br\/index.php\/wp-json\/wp\/v2\/tags?post=658"}],"curies":[{"name":"wp","href":"https:\/\/api.w.org\/{rel}","templated":true}]}}