{"id":6633,"date":"2026-08-31T11:13:02","date_gmt":"2026-08-31T14:13:02","guid":{"rendered":"https:\/\/focas.uniso.br\/?p=6633"},"modified":"2026-08-31T11:13:39","modified_gmt":"2026-08-31T14:13:39","slug":"curso-gratuito-oferece-formacao-para-educadores-em-territorio-quilombola","status":"publish","type":"post","link":"https:\/\/focas.uniso.br\/index.php\/2026\/08\/31\/curso-gratuito-oferece-formacao-para-educadores-em-territorio-quilombola\/","title":{"rendered":"Curso gratuito oferece forma\u00e7\u00e3o para educadores em territ\u00f3rio quilombola"},"content":{"rendered":"\n<p class=\"has-text-align-right wp-block-paragraph\">Por Ana Carolina Figueiredo (Ag\u00eancia Focas \u2013 Jornalismo Uniso)<\/p>\n\n\n\n<p class=\"wp-block-paragraph\">O Coletivo Cardim de Hist\u00f3rias est\u00e1 com inscri\u00e7\u00f5es abertas para o curso gratuito de forma\u00e7\u00e3o de educadores \u201cAprender com o Territ\u00f3rio\u201d, com foco nos saberes tradicionais quilombolas. As inscri\u00e7\u00f5es seguem at\u00e9 10 de setembro, com 15 vagas e bolsa-aux\u00edlio de R$ 1 mil para as pessoas contempladas.<\/p>\n\n\n\n<p class=\"wp-block-paragraph\">O projeto \u00e9 realizado com recursos da Pol\u00edtica Nacional Aldir Blanc de Fomento \u00e0 Cultura (PNAB), por meio da Secretaria Estadual da Cultura, Economia e Ind\u00fastria Criativas de S\u00e3o Paulo, e produzido pelo Coletivo Cardim de Hist\u00f3rias em parceria com o Quilombo Caxamb\u00fa, de Salto de Pirapora, e o Sindicato dos Metal\u00fargicos de Sorocaba (Smetal).<\/p>\n\n\n\n<p class=\"wp-block-paragraph\">O objetivo do curso \u00e9 proporcionar aos educadores uma experi\u00eancia formativa em territ\u00f3rio quilombola, a partir da ancestralidade, da mem\u00f3ria, da corporeidade, do territ\u00f3rio, das narrativas orais e da conta\u00e7\u00e3o de hist\u00f3rias, contribuindo para a constru\u00e7\u00e3o de uma identidade docente antirracista.<\/p>\n\n\n\n<p class=\"wp-block-paragraph\">Podem participar professores da educa\u00e7\u00e3o b\u00e1sica vinculados \u00e0s redes p\u00fablicas de ensino de 12 cidades da Regi\u00e3o Metropolitana de Sorocaba (RMS): Ara\u00e7oiaba da Serra, Boituva, Capela do Alto, Itapetininga, Iper\u00f3, Pilar do Sul, Piedade, Salto de Pirapora, S\u00e3o Miguel Arcanjo, Sorocaba, Tapira\u00ed e Votorantim.<\/p>\n\n\n\n<p class=\"wp-block-paragraph\">As aulas ser\u00e3o realizadas na modalidade semipresencial, com atividades em hor\u00e1rios flex\u00edveis na plataforma Mooc, encontros online pelo Google Meet e encontros presenciais no territ\u00f3rio do Quilombo Caxamb\u00fa, onde as pessoas participantes ser\u00e3o guiadas pela Mestra do Saber Quilombola Cintia Delgado. &nbsp;Tamb\u00e9m haver\u00e1 oficinas de cria\u00e7\u00e3o art\u00edstica na sede do Sindicato dos Metal\u00fargicos de Sorocaba. Ao final da forma\u00e7\u00e3o, ser\u00e1 realizada uma Mostra de Conta\u00e7\u00e3o de Hist\u00f3rias Negro-brasileiras.<\/p>\n\n\n\n<p class=\"wp-block-paragraph\">Ao todo, ser\u00e3o disponibilizadas 15 vagas, sendo oito reservadas a pessoas pretas, pardas, ind\u00edgenas e pessoas com defici\u00eancia (PcD). Para concorrer \u00e0s vagas reservadas, \u00e9 necess\u00e1rio anexar ao formul\u00e1rio de inscri\u00e7\u00e3o a declara\u00e7\u00e3o correspondente \u00e0 modalidade escolhida, dispon\u00edvel no edital.<\/p>\n\n\n\n<p class=\"wp-block-paragraph\">O curso ter\u00e1 in\u00edcio em 19 de setembro, com t\u00e9rmino previsto para 7 de novembro, e carga hor\u00e1ria de 40 horas.<\/p>\n\n\n\n<p class=\"wp-block-paragraph\">As inscri\u00e7\u00f5es devem ser realizadas por meio do formul\u00e1rio dispon\u00edvel no link: <a href=\"https:\/\/forms.gle\/crjCJpF6P8owgwue6\">https:\/\/forms.gle\/crjCJpF6P8owgwue6<\/a>.<\/p>\n\n\n\n<p class=\"wp-block-paragraph\">Mais informa\u00e7\u00f5es est\u00e3o dispon\u00edveis no edital de chamamento p\u00fablico: <a href=\"https:\/\/drive.google.com\/file\/d\/1WyHt8ogN-JtzjBY7RO6CPciS8HGTv1PV\/view?usp=sharing\">https:\/\/drive.google.com\/file\/d\/1WyHt8ogN-JtzjBY7RO6CPciS8HGTv1PV\/view?usp=sharing<\/a>.<\/p>\n\n\n\n<p class=\"wp-block-paragraph\"><\/p>\n","protected":false},"excerpt":{"rendered":"<p>Por Ana Carolina Figueiredo (Ag\u00eancia Focas \u2013 Jornalismo Uniso) O Coletivo Cardim de Hist\u00f3rias est\u00e1 com inscri\u00e7\u00f5es abertas para o<\/p>\n","protected":false},"author":1,"featured_media":6634,"comment_status":"open","ping_status":"open","sticky":true,"template":"","format":"standard","meta":{"colormag_page_container_layout":"default_layout","colormag_page_sidebar_layout":"default_layout","footnotes":""},"categories":[19,15,16,98,14],"tags":[30,29,28],"class_list":["post-6633","post","type-post","status-publish","format-standard","has-post-thumbnail","hentry","category-educacao","category-jornalismo","category-jornalismo-digital","category-nota","category-uniso","tag-focas","tag-jornalismo","tag-uniso"],"featured_image_urls":{"full":["https:\/\/focas.uniso.br\/wp-content\/uploads\/2026\/08\/WhatsApp-Image-2026-08-28-at-16.24.51.jpeg",1179,1280,false],"thumbnail":["https:\/\/focas.uniso.br\/wp-content\/uploads\/2026\/08\/WhatsApp-Image-2026-08-28-at-16.24.51-150x150.jpeg",150,150,true],"medium":["https:\/\/focas.uniso.br\/wp-content\/uploads\/2026\/08\/WhatsApp-Image-2026-08-28-at-16.24.51-276x300.jpeg",276,300,true],"medium_large":["https:\/\/focas.uniso.br\/wp-content\/uploads\/2026\/08\/WhatsApp-Image-2026-08-28-at-16.24.51-768x834.jpeg",768,834,true],"large":["https:\/\/focas.uniso.br\/wp-content\/uploads\/2026\/08\/WhatsApp-Image-2026-08-28-at-16.24.51-943x1024.jpeg",800,869,true],"1536x1536":["https:\/\/focas.uniso.br\/wp-content\/uploads\/2026\/08\/WhatsApp-Image-2026-08-28-at-16.24.51.jpeg",1179,1280,false],"2048x2048":["https:\/\/focas.uniso.br\/wp-content\/uploads\/2026\/08\/WhatsApp-Image-2026-08-28-at-16.24.51.jpeg",1179,1280,false],"colormag-highlighted-post":["https:\/\/focas.uniso.br\/wp-content\/uploads\/2026\/08\/WhatsApp-Image-2026-08-28-at-16.24.51-392x272.jpeg",392,272,true],"colormag-featured-post-medium":["https:\/\/focas.uniso.br\/wp-content\/uploads\/2026\/08\/WhatsApp-Image-2026-08-28-at-16.24.51-390x205.jpeg",390,205,true],"colormag-featured-post-small":["https:\/\/focas.uniso.br\/wp-content\/uploads\/2026\/08\/WhatsApp-Image-2026-08-28-at-16.24.51-130x90.jpeg",130,90,true],"colormag-featured-image":["https:\/\/focas.uniso.br\/wp-content\/uploads\/2026\/08\/WhatsApp-Image-2026-08-28-at-16.24.51-800x445.jpeg",800,445,true],"colormag-default-news":["https:\/\/focas.uniso.br\/wp-content\/uploads\/2026\/08\/WhatsApp-Image-2026-08-28-at-16.24.51-150x150.jpeg",150,150,true],"colormag-featured-image-large":["https:\/\/focas.uniso.br\/wp-content\/uploads\/2026\/08\/WhatsApp-Image-2026-08-28-at-16.24.51-1179x600.jpeg",1179,600,true]},"author_info":{"info":["focas"]},"category_info":"<a href=\"https:\/\/focas.uniso.br\/index.php\/category\/educacao\/\" rel=\"category tag\">Educa\u00e7\u00e3o<\/a> <a href=\"https:\/\/focas.uniso.br\/index.php\/category\/jornalismo\/\" rel=\"category tag\">Jornalismo<\/a> <a href=\"https:\/\/focas.uniso.br\/index.php\/category\/jornalismo-digital\/\" rel=\"category tag\">jornalismo digital<\/a> <a href=\"https:\/\/focas.uniso.br\/index.php\/category\/nota\/\" rel=\"category tag\">Nota<\/a> <a href=\"https:\/\/focas.uniso.br\/index.php\/category\/uniso\/\" rel=\"category tag\">Uniso<\/a>","tag_info":"Uniso","comment_count":"0","_links":{"self":[{"href":"https:\/\/focas.uniso.br\/index.php\/wp-json\/wp\/v2\/posts\/6633","targetHints":{"allow":["GET"]}}],"collection":[{"href":"https:\/\/focas.uniso.br\/index.php\/wp-json\/wp\/v2\/posts"}],"about":[{"href":"https:\/\/focas.uniso.br\/index.php\/wp-json\/wp\/v2\/types\/post"}],"author":[{"embeddable":true,"href":"https:\/\/focas.uniso.br\/index.php\/wp-json\/wp\/v2\/users\/1"}],"replies":[{"embeddable":true,"href":"https:\/\/focas.uniso.br\/index.php\/wp-json\/wp\/v2\/comments?post=6633"}],"version-history":[{"count":1,"href":"https:\/\/focas.uniso.br\/index.php\/wp-json\/wp\/v2\/posts\/6633\/revisions"}],"predecessor-version":[{"id":6637,"href":"https:\/\/focas.uniso.br\/index.php\/wp-json\/wp\/v2\/posts\/6633\/revisions\/6637"}],"wp:featuredmedia":[{"embeddable":true,"href":"https:\/\/focas.uniso.br\/index.php\/wp-json\/wp\/v2\/media\/6634"}],"wp:attachment":[{"href":"https:\/\/focas.uniso.br\/index.php\/wp-json\/wp\/v2\/media?parent=6633"}],"wp:term":[{"taxonomy":"category","embeddable":true,"href":"https:\/\/focas.uniso.br\/index.php\/wp-json\/wp\/v2\/categories?post=6633"},{"taxonomy":"post_tag","embeddable":true,"href":"https:\/\/focas.uniso.br\/index.php\/wp-json\/wp\/v2\/tags?post=6633"}],"curies":[{"name":"wp","href":"https:\/\/api.w.org\/{rel}","templated":true}]}}