{"id":6639,"date":"2026-09-01T12:01:21","date_gmt":"2026-09-01T15:01:21","guid":{"rendered":"https:\/\/focas.uniso.br\/?p=6639"},"modified":"2026-09-01T12:01:41","modified_gmt":"2026-09-01T15:01:41","slug":"e-dia-de-perdao","status":"publish","type":"post","link":"https:\/\/focas.uniso.br\/index.php\/2026\/09\/01\/e-dia-de-perdao\/","title":{"rendered":"\u00c9 dia de perd\u00e3o?"},"content":{"rendered":"\n<p class=\"wp-block-paragraph\">No \u00faltimo domingo, enquanto era transmitido o jogo entre Corinthians e Cruzeiro, o narrador convidou os telespectadores a participarem de uma enquete em alus\u00e3o ao \u201cdia do perd\u00e3o\u201d. Achei que era piada, n\u00e3o era poss\u00edvel.<\/p>\n\n\n\n<p class=\"wp-block-paragraph\">Julguei mal.<\/p>\n\n\n\n<p class=\"wp-block-paragraph\">A pergunta era \u201ccomo torcedor, o que \u00e9 mais dif\u00edcil de perdoar?\u201d Entre algumas op\u00e7\u00f5es, a vitoriosa foi \u201crebaixamento do time\u201d. Fui dar uma olhada no Google e descobri que realmente existe essa data. No dia 30 de agosto, \u00e9 celebrado o Dia Nacional do Perd\u00e3o. E com Lei Federal (13.437\/2017) e tudo! J\u00e1 tem nove anos e eu n\u00e3o sabia.<\/p>\n\n\n\n<p class=\"wp-block-paragraph\">De acordo com o texto, a data \u00e9 uma oportunidade para estimular a reflex\u00e3o sobre m\u00e1goas, conflitos, reconcilia\u00e7\u00e3o e a import\u00e2ncia de abandonar sentimentos que podem alimentar ciclos de viol\u00eancia.<\/p>\n\n\n\n<p class=\"wp-block-paragraph\">Quando descobri a origem da data foi uma mistura de dor e de parabeniza\u00e7\u00f5es. Doloroso, pois quem incentivou a cria\u00e7\u00e3o foi a ex-deputada Keiko Ota, cujo filho, Ives Ota, foi sequestrado e assassinado aos oito anos, em 30 de agosto de 1997. Lembro bem deste caso, devido \u00e0 repercuss\u00e3o nacional que ele teve. Mesmo com apenas 10 anos de idade, me recordo perfeitamente das pessoas emocionadas com o caso e ele fazendo parte das conversas di\u00e1rias em qualquer ambiente que eu passava.<\/p>\n\n\n\n<p class=\"wp-block-paragraph\">E os parab\u00e9ns foram devido ao fato de que Keiko e seu esposo perdoaram os assassinos. Ser\u00e1 que eu conseguiria? N\u00e3o sei&#8230; e voc\u00ea?<\/p>\n\n\n\n<p class=\"wp-block-paragraph\">Perd\u00e3o da d\u00edvida.<\/p>\n\n\n\n<p class=\"wp-block-paragraph\">Perd\u00e3o da trai\u00e7\u00e3o.<\/p>\n\n\n\n<p class=\"wp-block-paragraph\">Perd\u00e3o dos pecados.<\/p>\n\n\n\n<p class=\"wp-block-paragraph\">Conex\u00e3o com a data religiosa judaica conhecida como Yom Kipur.<\/p>\n\n\n\n<p class=\"wp-block-paragraph\">A palavra tem v\u00e1rios significados, contextos e usos na sociedade.<\/p>\n\n\n\n<p class=\"wp-block-paragraph\">Nosso amigo Aur\u00e9lio fala que perdoar \u00e9 a \u201ca\u00e7\u00e3o de se livrar de uma culpa, de uma ofensa, de uma d\u00edvida; indulto\u201d, ou \u201ca\u00e7\u00e3o atrav\u00e9s da qual uma pessoa est\u00e1 dispensada do cumprimento de um dever ou de uma obriga\u00e7\u00e3o\u201d.<\/p>\n\n\n\n<p class=\"wp-block-paragraph\">Como bom f\u00e3 de m\u00fasicas, quando penso na palavra perd\u00e3o, logo lembro de um samba da Leci Brand\u00e3o chamado \u201cPerdoa\u201d: <em>\u201cSe te machuquei amor, perdoa!\u201d<\/em>. <em>\u201cCan you forgive me?\u201d<\/em> (Voc\u00ea pode me perdoar?), pergunta Jim Diamond em \u201cI Should Have Known Better\u201d. <em>\u201cQuem ama sempre perdoa, por isso, vou perdoar\u201d<\/em>, declaram Rio Negro e Solim\u00f5es na cl\u00e1ssica \u201cFrio da Madrugada\u201d.<\/p>\n\n\n\n<p class=\"wp-block-paragraph\">Raimundo Fagner diz perdoar os \u201cDeslizes\u201d. \u201cA Loira do Carro Branco\u201d de Jo\u00e3o Paulo e Daniel pede perd\u00e3o por roubar o carro de quem lhe deu carona. Alguns perd\u00f5es s\u00e3o dif\u00edceis de serem dados, como por exemplo, nas can\u00e7\u00f5es \u201cCouro de Boi\u201d e \u201cFilho adotivo\u201d de S\u00e9rgio Reis. Na primeira, por ordem da esposa, o filho manda seu pai idoso morar na rua. E, na outra, seis filhos abandonam o pai. Tem perd\u00e3o que vira at\u00e9 trilogia como nas tr\u00eas vers\u00f5es da m\u00fasica \u201cThe Unforgiven\u201d do Metallica.<\/p>\n\n\n\n<p class=\"wp-block-paragraph\">E existe tempo para pedirmos perd\u00e3o?<\/p>\n\n\n\n<p class=\"wp-block-paragraph\">Segundo a can\u00e7\u00e3o \u201c\u00daltimo perd\u00e3o\u201d do grupo de rap Express\u00e3o Ativa, \u00e9 bom n\u00e3o deixar para os \u00faltimos minutos de vida&#8230; o personagem, em uma conversa com Deus, assume que cometeu muitos erros em sua jornada, mas deixa para pedir perd\u00e3o quando sua respira\u00e7\u00e3o est\u00e1 quase acabando&#8230; n\u00e3o deu tempo&#8230;<\/p>\n\n\n\n<p class=\"wp-block-paragraph\">O soci\u00f3logo Zygmunt Bauman, que fala das rela\u00e7\u00f5es cada vez mais l\u00edquidas (r\u00e1pidas, desconexas, banais) que existem na sociedade, aponta para uma reflex\u00e3o sobre os perigos de a rela\u00e7\u00e3o arrependimento\/perd\u00e3o se tornar uma estrat\u00e9gia religiosa de controle social e n\u00e3o um ato vindo do cora\u00e7\u00e3o.<\/p>\n\n\n\n<p class=\"wp-block-paragraph\">Dizem as est\u00f3rias populares que j\u00e1 ocorreram casos em que pessoas que estavam no leito de morte s\u00f3 conseguiram desencarnar ap\u00f3s a visita de algu\u00e9m a quem elas gostariam muito de pedir perd\u00e3o.<\/p>\n\n\n\n<p class=\"wp-block-paragraph\">Algumas vertentes religiosas dizem que o vel\u00f3rio \u00e9 o \u00faltimo momento para se pedir perd\u00e3o \u00e0 pessoa que se foi. Outras, que mesmo ap\u00f3s a morte ainda \u00e9 poss\u00edvel.<\/p>\n\n\n\n<p class=\"wp-block-paragraph\">E voc\u00ea, o que pensa sobre o perd\u00e3o?<\/p>\n\n\n\n<p class=\"wp-block-paragraph\">Sabia da exist\u00eancia da data?<\/p>\n\n\n\n<p class=\"wp-block-paragraph\">J\u00e1 perdoou hoje?<\/p>\n\n\n\n<p class=\"wp-block-paragraph\">Se est\u00e1 te fazendo mal, n\u00e3o espere, se livre disso.<\/p>\n\n\n\n<p class=\"wp-block-paragraph\">Uma terapeuta me disse certa vez: \u201ccarregue o peso de malas de viagem, mas nunca o de m\u00e1goas\u201d.<\/p>\n\n\n\n<figure class=\"wp-block-image aligncenter size-full\"><img loading=\"lazy\" decoding=\"async\" width=\"1024\" height=\"241\" src=\"https:\/\/focas.uniso.br\/wp-content\/uploads\/2026\/09\/WhatsApp-Image-2026-09-01-at-11.37.19.jpeg00.jpeg\" alt=\"\" class=\"wp-image-6642\" srcset=\"https:\/\/focas.uniso.br\/wp-content\/uploads\/2026\/09\/WhatsApp-Image-2026-09-01-at-11.37.19.jpeg00.jpeg 1024w, https:\/\/focas.uniso.br\/wp-content\/uploads\/2026\/09\/WhatsApp-Image-2026-09-01-at-11.37.19.jpeg00-300x71.jpeg 300w, https:\/\/focas.uniso.br\/wp-content\/uploads\/2026\/09\/WhatsApp-Image-2026-09-01-at-11.37.19.jpeg00-768x181.jpeg 768w\" sizes=\"auto, (max-width: 1024px) 100vw, 1024px\" \/><\/figure>\n\n\n\n<p class=\"wp-block-paragraph\"><\/p>\n","protected":false},"excerpt":{"rendered":"<p>No \u00faltimo domingo, enquanto era transmitido o jogo entre Corinthians e Cruzeiro, o narrador convidou os telespectadores a participarem de<\/p>\n","protected":false},"author":1,"featured_media":6643,"comment_status":"open","ping_status":"open","sticky":true,"template":"","format":"standard","meta":{"colormag_page_container_layout":"default_layout","colormag_page_sidebar_layout":"default_layout","footnotes":""},"categories":[6,57],"tags":[85,82,30,29,28],"class_list":["post-6639","post","type-post","status-publish","format-standard","has-post-thumbnail","hentry","category-coluna","category-focando-em","tag-coluna","tag-focando-em","tag-focas","tag-jornalismo","tag-uniso"],"featured_image_urls":{"full":["https:\/\/focas.uniso.br\/wp-content\/uploads\/2026\/09\/WhatsApp-Image-2026-09-01-at-11.37.19.jpeg",365,96,false],"thumbnail":["https:\/\/focas.uniso.br\/wp-content\/uploads\/2026\/09\/WhatsApp-Image-2026-09-01-at-11.37.19-150x96.jpeg",150,96,true],"medium":["https:\/\/focas.uniso.br\/wp-content\/uploads\/2026\/09\/WhatsApp-Image-2026-09-01-at-11.37.19-300x79.jpeg",300,79,true],"medium_large":["https:\/\/focas.uniso.br\/wp-content\/uploads\/2026\/09\/WhatsApp-Image-2026-09-01-at-11.37.19.jpeg",365,96,false],"large":["https:\/\/focas.uniso.br\/wp-content\/uploads\/2026\/09\/WhatsApp-Image-2026-09-01-at-11.37.19.jpeg",365,96,false],"1536x1536":["https:\/\/focas.uniso.br\/wp-content\/uploads\/2026\/09\/WhatsApp-Image-2026-09-01-at-11.37.19.jpeg",365,96,false],"2048x2048":["https:\/\/focas.uniso.br\/wp-content\/uploads\/2026\/09\/WhatsApp-Image-2026-09-01-at-11.37.19.jpeg",365,96,false],"colormag-highlighted-post":["https:\/\/focas.uniso.br\/wp-content\/uploads\/2026\/09\/WhatsApp-Image-2026-09-01-at-11.37.19.jpeg",365,96,false],"colormag-featured-post-medium":["https:\/\/focas.uniso.br\/wp-content\/uploads\/2026\/09\/WhatsApp-Image-2026-09-01-at-11.37.19.jpeg",365,96,false],"colormag-featured-post-small":["https:\/\/focas.uniso.br\/wp-content\/uploads\/2026\/09\/WhatsApp-Image-2026-09-01-at-11.37.19-130x90.jpeg",130,90,true],"colormag-featured-image":["https:\/\/focas.uniso.br\/wp-content\/uploads\/2026\/09\/WhatsApp-Image-2026-09-01-at-11.37.19.jpeg",365,96,false],"colormag-default-news":["https:\/\/focas.uniso.br\/wp-content\/uploads\/2026\/09\/WhatsApp-Image-2026-09-01-at-11.37.19-150x96.jpeg",150,96,true],"colormag-featured-image-large":["https:\/\/focas.uniso.br\/wp-content\/uploads\/2026\/09\/WhatsApp-Image-2026-09-01-at-11.37.19.jpeg",365,96,false]},"author_info":{"info":["focas"]},"category_info":"<a href=\"https:\/\/focas.uniso.br\/index.php\/category\/coluna\/\" rel=\"category tag\">Coluna<\/a> <a href=\"https:\/\/focas.uniso.br\/index.php\/category\/focando-em\/\" rel=\"category tag\">Focando em<\/a>","tag_info":"Focando em","comment_count":"0","_links":{"self":[{"href":"https:\/\/focas.uniso.br\/index.php\/wp-json\/wp\/v2\/posts\/6639","targetHints":{"allow":["GET"]}}],"collection":[{"href":"https:\/\/focas.uniso.br\/index.php\/wp-json\/wp\/v2\/posts"}],"about":[{"href":"https:\/\/focas.uniso.br\/index.php\/wp-json\/wp\/v2\/types\/post"}],"author":[{"embeddable":true,"href":"https:\/\/focas.uniso.br\/index.php\/wp-json\/wp\/v2\/users\/1"}],"replies":[{"embeddable":true,"href":"https:\/\/focas.uniso.br\/index.php\/wp-json\/wp\/v2\/comments?post=6639"}],"version-history":[{"count":1,"href":"https:\/\/focas.uniso.br\/index.php\/wp-json\/wp\/v2\/posts\/6639\/revisions"}],"predecessor-version":[{"id":6646,"href":"https:\/\/focas.uniso.br\/index.php\/wp-json\/wp\/v2\/posts\/6639\/revisions\/6646"}],"wp:featuredmedia":[{"embeddable":true,"href":"https:\/\/focas.uniso.br\/index.php\/wp-json\/wp\/v2\/media\/6643"}],"wp:attachment":[{"href":"https:\/\/focas.uniso.br\/index.php\/wp-json\/wp\/v2\/media?parent=6639"}],"wp:term":[{"taxonomy":"category","embeddable":true,"href":"https:\/\/focas.uniso.br\/index.php\/wp-json\/wp\/v2\/categories?post=6639"},{"taxonomy":"post_tag","embeddable":true,"href":"https:\/\/focas.uniso.br\/index.php\/wp-json\/wp\/v2\/tags?post=6639"}],"curies":[{"name":"wp","href":"https:\/\/api.w.org\/{rel}","templated":true}]}}