{"id":6647,"date":"2026-09-02T10:54:14","date_gmt":"2026-09-02T13:54:14","guid":{"rendered":"https:\/\/focas.uniso.br\/?p=6647"},"modified":"2026-09-02T11:04:10","modified_gmt":"2026-09-02T14:04:10","slug":"primeira-eleicao-jovens-se-preparam-para-seis-escolhas-nas-urnas-em-2026","status":"publish","type":"post","link":"https:\/\/focas.uniso.br\/index.php\/2026\/09\/02\/primeira-eleicao-jovens-se-preparam-para-seis-escolhas-nas-urnas-em-2026\/","title":{"rendered":"Primeira elei\u00e7\u00e3o: jovens se preparam para seis escolhas nas urnas em 2026"},"content":{"rendered":"\n<p class=\"has-text-align-right wp-block-paragraph\"><strong>Por Ana Carolina Figueiredo (Ag\u00eancia Focas \u2013 Jornalismo Uniso)<\/strong><\/p>\n\n\n\n<p class=\"wp-block-paragraph\">As elei\u00e7\u00f5es de 2026 representam uma nova experi\u00eancia para quem vai \u00e0s urnas pela primeira vez. Neste ano, os eleitores far\u00e3o seis escolhas na urna eletr\u00f4nica: deputado federal, deputado estadual, senador (duas vezes), governador e presidente.<\/p>\n\n\n\n<p class=\"wp-block-paragraph\">Aos 18 anos, Jo\u00e3o Victor de Oliveira Santiago Ferreira votar\u00e1 pela primeira vez. Uma de suas principais d\u00favidas \u00e9 se poder\u00e1 participar do segundo turno caso n\u00e3o compare\u00e7a ou n\u00e3o justifique a aus\u00eancia na primeira fase do pleito. Segundo o Tribunal Superior Eleitoral (TSE), o eleitor que n\u00e3o votar no primeiro turno pode votar normalmente no segundo. Cada turno \u00e9 considerado uma elei\u00e7\u00e3o independente, por isso a aus\u00eancia \u00e9 justificada separadamente.<\/p>\n\n\n\n<p class=\"wp-block-paragraph\">Na busca por informa\u00e7\u00f5es, Jo\u00e3o pretende utilizar a internet, sites e jornais para conhecer melhor os candidatos. Ele j\u00e1 come\u00e7ou a pesquisar os nomes que estar\u00e3o na disputa e afirma estar um pouco ansioso com a experi\u00eancia.<\/p>\n\n\n\n<p class=\"wp-block-paragraph\">A internet tamb\u00e9m aparece como uma das principais ferramentas para Kaio Antoni Costa Ruiz, de 18 anos, que votar\u00e1 pela primeira vez. Ele pretende utilizar principalmente a internet e as redes sociais para buscar informa\u00e7\u00f5es sobre os candidatos. Apesar de saber, de forma geral, quais cargos ser\u00e3o escolhidos, Kaio ainda n\u00e3o sabia que os eleitores ter\u00e3o dois votos para o Senado. Ele ainda n\u00e3o come\u00e7ou a pesquisar os candidatos e se diz tranquilo, mas curioso com a vota\u00e7\u00e3o.<\/p>\n\n\n\n<p class=\"wp-block-paragraph\"><strong>Duas vagas para o Senado Federal<\/strong><\/p>\n\n\n\n<p class=\"wp-block-paragraph\">Conhecer previamente os cargos e as regras da vota\u00e7\u00e3o pode ajudar a evitar d\u00favidas no momento de votar. Em 2026, cada eleitor dever\u00e1 escolher dois candidatos ao Senado.<\/p>\n\n\n\n<p class=\"wp-block-paragraph\">Na urna eletr\u00f4nica, a vota\u00e7\u00e3o para senador acontecer\u00e1 em duas etapas. Segundo a Ag\u00eancia Senado, o eleitor dever\u00e1 escolher dois candidatos diferentes para o cargo. Ap\u00f3s digitar o n\u00famero do primeiro candidato, \u00e9 preciso confirmar o voto e, em seguida, repetir o procedimento para escolher o segundo senador.<\/p>\n\n\n\n<p class=\"wp-block-paragraph\">Os dois votos devem ser destinados a candidatos diferentes. Caso o eleitor digite novamente o n\u00famero do primeiro candidato, o segundo voto ser\u00e1 considerado nulo. Tamb\u00e9m n\u00e3o \u00e9 poss\u00edvel votar apenas na legenda partid\u00e1ria para senador, \u00e9 necess\u00e1rio informar o n\u00famero do candidato, que possui tr\u00eas d\u00edgitos.<\/p>\n\n\n\n<p class=\"wp-block-paragraph\">Al\u00e9m disso, o eleitor precisa ficar atento aos candidatos de seu domic\u00edlio eleitoral na hora de votar para as vagas ao Senado. Caso use um n\u00famero de candidatura de outro Estado, o voto ser\u00e1 anulado.<\/p>\n\n\n\n<p class=\"wp-block-paragraph\">Como s\u00e3o seis escolhas, o eleitor tamb\u00e9m pode preparar uma \u201ccolinha\u201d com os n\u00fameros dos candidatos antes de sair de casa. O TSE recomenda a estrat\u00e9gia para agilizar a vota\u00e7\u00e3o e evitar d\u00favidas na hora de digitar os n\u00fameros na urna. O eleitor pode consultar a anota\u00e7\u00e3o em papel, mas n\u00e3o pode levar o celular consigo para a cabine.<\/p>\n\n\n\n<p class=\"wp-block-paragraph\">Caroline Soares, de 20 anos, tamb\u00e9m votar\u00e1 pela primeira vez. Ela j\u00e1 come\u00e7ou a pesquisar os candidatos e conta que, em alguns casos, encontra dificuldade para localizar as propostas, mas tem buscado informa\u00e7\u00f5es sobre os principais pontos apresentados por eles. Para isso, pretende consultar perfis oficiais de candidatos e sites confi\u00e1veis.<\/p>\n\n\n\n<p class=\"wp-block-paragraph\">Al\u00e9m dos cargos e das regras de vota\u00e7\u00e3o, os eleitores tamb\u00e9m precisam ficar atentos ao calend\u00e1rio eleitoral. O primeiro turno das elei\u00e7\u00f5es ser\u00e1 realizado em 4 de outubro. Caso seja necess\u00e1rio, o segundo turno ser\u00e1 em 25 de outubro. Em ambos os dias, a vota\u00e7\u00e3o ser\u00e1 realizada das 8h \u00e0s 17h, hor\u00e1rio de Bras\u00edlia.<\/p>\n\n\n\n<p class=\"wp-block-paragraph\">A propaganda eleitoral est\u00e1 autorizada desde 16 de agosto, enquanto o hor\u00e1rio eleitoral gratuito no r\u00e1dio e na televis\u00e3o come\u00e7ou em 28 de agosto. Em Sorocaba, a presen\u00e7a de materiais de campanha nas ruas tamb\u00e9m j\u00e1 pode ser observada.<\/p>\n\n\n\n<p class=\"wp-block-paragraph\">Para quem votar\u00e1 pela primeira vez, a internet pode ser uma importante ferramenta de prepara\u00e7\u00e3o. A recomenda\u00e7\u00e3o \u00e9 buscar informa\u00e7\u00f5es em fontes oficiais e confi\u00e1veis, al\u00e9m de conhecer previamente os candidatos e suas propostas para chegar no dia da vota\u00e7\u00e3o com menos d\u00favidas.<\/p>\n","protected":false},"excerpt":{"rendered":"<p>Por Ana Carolina Figueiredo (Ag\u00eancia Focas \u2013 Jornalismo Uniso) As elei\u00e7\u00f5es de 2026 representam uma nova experi\u00eancia para quem vai<\/p>\n","protected":false},"author":1,"featured_media":6648,"comment_status":"open","ping_status":"open","sticky":true,"template":"","format":"standard","meta":{"colormag_page_container_layout":"default_layout","colormag_page_sidebar_layout":"default_layout","footnotes":""},"categories":[15,16,9,104,37],"tags":[44,41,29,28],"class_list":["post-6647","post","type-post","status-publish","format-standard","has-post-thumbnail","hentry","category-jornalismo","category-jornalismo-digital","category-jornalismo-online","category-politica","category-sorocaba","tag-eleicoes","tag-focas-na-rede","tag-jornalismo","tag-uniso"],"featured_image_urls":{"full":["https:\/\/focas.uniso.br\/wp-content\/uploads\/2026\/09\/WhatsApp-Image-2026-09-01-at-21.59.29.jpeg",735,490,false],"thumbnail":["https:\/\/focas.uniso.br\/wp-content\/uploads\/2026\/09\/WhatsApp-Image-2026-09-01-at-21.59.29-150x150.jpeg",150,150,true],"medium":["https:\/\/focas.uniso.br\/wp-content\/uploads\/2026\/09\/WhatsApp-Image-2026-09-01-at-21.59.29-300x200.jpeg",300,200,true],"medium_large":["https:\/\/focas.uniso.br\/wp-content\/uploads\/2026\/09\/WhatsApp-Image-2026-09-01-at-21.59.29.jpeg",735,490,false],"large":["https:\/\/focas.uniso.br\/wp-content\/uploads\/2026\/09\/WhatsApp-Image-2026-09-01-at-21.59.29.jpeg",735,490,false],"1536x1536":["https:\/\/focas.uniso.br\/wp-content\/uploads\/2026\/09\/WhatsApp-Image-2026-09-01-at-21.59.29.jpeg",735,490,false],"2048x2048":["https:\/\/focas.uniso.br\/wp-content\/uploads\/2026\/09\/WhatsApp-Image-2026-09-01-at-21.59.29.jpeg",735,490,false],"colormag-highlighted-post":["https:\/\/focas.uniso.br\/wp-content\/uploads\/2026\/09\/WhatsApp-Image-2026-09-01-at-21.59.29-392x272.jpeg",392,272,true],"colormag-featured-post-medium":["https:\/\/focas.uniso.br\/wp-content\/uploads\/2026\/09\/WhatsApp-Image-2026-09-01-at-21.59.29-390x205.jpeg",390,205,true],"colormag-featured-post-small":["https:\/\/focas.uniso.br\/wp-content\/uploads\/2026\/09\/WhatsApp-Image-2026-09-01-at-21.59.29-130x90.jpeg",130,90,true],"colormag-featured-image":["https:\/\/focas.uniso.br\/wp-content\/uploads\/2026\/09\/WhatsApp-Image-2026-09-01-at-21.59.29-735x445.jpeg",735,445,true],"colormag-default-news":["https:\/\/focas.uniso.br\/wp-content\/uploads\/2026\/09\/WhatsApp-Image-2026-09-01-at-21.59.29-150x150.jpeg",150,150,true],"colormag-featured-image-large":["https:\/\/focas.uniso.br\/wp-content\/uploads\/2026\/09\/WhatsApp-Image-2026-09-01-at-21.59.29.jpeg",735,490,false]},"author_info":{"info":["focas"]},"category_info":"<a href=\"https:\/\/focas.uniso.br\/index.php\/category\/jornalismo\/\" rel=\"category tag\">Jornalismo<\/a> <a href=\"https:\/\/focas.uniso.br\/index.php\/category\/jornalismo-digital\/\" rel=\"category tag\">jornalismo digital<\/a> <a href=\"https:\/\/focas.uniso.br\/index.php\/category\/jornalismo-online\/\" rel=\"category tag\">jornalismo online<\/a> <a href=\"https:\/\/focas.uniso.br\/index.php\/category\/politica\/\" rel=\"category tag\">Pol\u00edtica<\/a> <a href=\"https:\/\/focas.uniso.br\/index.php\/category\/sorocaba\/\" rel=\"category tag\">Sorocaba<\/a>","tag_info":"Sorocaba","comment_count":"0","_links":{"self":[{"href":"https:\/\/focas.uniso.br\/index.php\/wp-json\/wp\/v2\/posts\/6647","targetHints":{"allow":["GET"]}}],"collection":[{"href":"https:\/\/focas.uniso.br\/index.php\/wp-json\/wp\/v2\/posts"}],"about":[{"href":"https:\/\/focas.uniso.br\/index.php\/wp-json\/wp\/v2\/types\/post"}],"author":[{"embeddable":true,"href":"https:\/\/focas.uniso.br\/index.php\/wp-json\/wp\/v2\/users\/1"}],"replies":[{"embeddable":true,"href":"https:\/\/focas.uniso.br\/index.php\/wp-json\/wp\/v2\/comments?post=6647"}],"version-history":[{"count":2,"href":"https:\/\/focas.uniso.br\/index.php\/wp-json\/wp\/v2\/posts\/6647\/revisions"}],"predecessor-version":[{"id":6650,"href":"https:\/\/focas.uniso.br\/index.php\/wp-json\/wp\/v2\/posts\/6647\/revisions\/6650"}],"wp:featuredmedia":[{"embeddable":true,"href":"https:\/\/focas.uniso.br\/index.php\/wp-json\/wp\/v2\/media\/6648"}],"wp:attachment":[{"href":"https:\/\/focas.uniso.br\/index.php\/wp-json\/wp\/v2\/media?parent=6647"}],"wp:term":[{"taxonomy":"category","embeddable":true,"href":"https:\/\/focas.uniso.br\/index.php\/wp-json\/wp\/v2\/categories?post=6647"},{"taxonomy":"post_tag","embeddable":true,"href":"https:\/\/focas.uniso.br\/index.php\/wp-json\/wp\/v2\/tags?post=6647"}],"curies":[{"name":"wp","href":"https:\/\/api.w.org\/{rel}","templated":true}]}}