{"id":6651,"date":"2026-09-03T09:30:56","date_gmt":"2026-09-03T12:30:56","guid":{"rendered":"https:\/\/focas.uniso.br\/?p=6651"},"modified":"2026-09-03T09:31:26","modified_gmt":"2026-09-03T12:31:26","slug":"semana-do-cinema-oferece-ingressos-promocionais-em-setembro","status":"publish","type":"post","link":"https:\/\/focas.uniso.br\/index.php\/2026\/09\/03\/semana-do-cinema-oferece-ingressos-promocionais-em-setembro\/","title":{"rendered":"Semana do Cinema oferece ingressos promocionais em setembro\u00a0\u00a0"},"content":{"rendered":"\n<p class=\"has-text-align-right wp-block-paragraph\">Por Ana Carolina Figueiredo (Ag\u00eancia Focas \u2013 Jornalismo&nbsp;Uniso)&nbsp;<\/p>\n\n\n\n<p class=\"wp-block-paragraph\">Entre os dias&nbsp;10 e 16 de setembro, acontece a Semana do Cinema. A iniciativa \u00e9 uma oportunidade para os cin\u00e9filos aproveitarem a programa\u00e7\u00e3o das salas de exibi\u00e7\u00e3o com ingressos a pre\u00e7os promocionais.&nbsp;<\/p>\n\n\n\n<p class=\"wp-block-paragraph\">Durante o per\u00edodo, o site&nbsp;Ingresso.com&nbsp;disponibilizar\u00e1 ingressos por&nbsp;R$ 10&nbsp;para sess\u00f5es iniciadas at\u00e9 as 17h e por&nbsp;R$ 12&nbsp;para sess\u00f5es iniciadas ap\u00f3s esse hor\u00e1rio. Os valores n\u00e3o incluem a taxa de servi\u00e7o cobrada pela plataforma.&nbsp;<\/p>\n\n\n\n<p class=\"wp-block-paragraph\">A promo\u00e7\u00e3o \u00e9 v\u00e1lida para filmes exibidos entre&nbsp;10 e 16 de setembro de 2026, exclusivamente em sess\u00f5es&nbsp;2D e salas comuns. A oferta n\u00e3o se aplica \u00e0 pr\u00e9-venda de filmes.&nbsp;<\/p>\n\n\n\n<p class=\"wp-block-paragraph\">Para conferir os cinemas participantes, filmes dispon\u00edveis, hor\u00e1rios, salas, tipos de ingressos e itens de bomboniere inclu\u00eddos na promo\u00e7\u00e3o, \u00e9 necess\u00e1rio acessar o site ou aplicativo do&nbsp;Ingresso.com.&nbsp;<\/p>\n\n\n\n<p class=\"wp-block-paragraph\"><\/p>\n","protected":false},"excerpt":{"rendered":"<p>Por Ana Carolina Figueiredo (Ag\u00eancia Focas \u2013 Jornalismo&nbsp;Uniso)&nbsp; Entre os dias&nbsp;10 e 16 de setembro, acontece a Semana do Cinema.<\/p>\n","protected":false},"author":1,"featured_media":6653,"comment_status":"open","ping_status":"open","sticky":true,"template":"","format":"standard","meta":{"colormag_page_container_layout":"default_layout","colormag_page_sidebar_layout":"default_layout","footnotes":""},"categories":[109,15,16,98],"tags":[30,29,28],"class_list":["post-6651","post","type-post","status-publish","format-standard","has-post-thumbnail","hentry","category-cinema","category-jornalismo","category-jornalismo-digital","category-nota","tag-focas","tag-jornalismo","tag-uniso"],"featured_image_urls":{"full":["https:\/\/focas.uniso.br\/wp-content\/uploads\/2026\/09\/krists-luhaers-AtPWnYNDJnM-unsplash-scaled.jpg",2560,1707,false],"thumbnail":["https:\/\/focas.uniso.br\/wp-content\/uploads\/2026\/09\/krists-luhaers-AtPWnYNDJnM-unsplash-150x150.jpg",150,150,true],"medium":["https:\/\/focas.uniso.br\/wp-content\/uploads\/2026\/09\/krists-luhaers-AtPWnYNDJnM-unsplash-300x200.jpg",300,200,true],"medium_large":["https:\/\/focas.uniso.br\/wp-content\/uploads\/2026\/09\/krists-luhaers-AtPWnYNDJnM-unsplash-768x512.jpg",768,512,true],"large":["https:\/\/focas.uniso.br\/wp-content\/uploads\/2026\/09\/krists-luhaers-AtPWnYNDJnM-unsplash-1024x683.jpg",800,534,true],"1536x1536":["https:\/\/focas.uniso.br\/wp-content\/uploads\/2026\/09\/krists-luhaers-AtPWnYNDJnM-unsplash-1536x1024.jpg",1536,1024,true],"2048x2048":["https:\/\/focas.uniso.br\/wp-content\/uploads\/2026\/09\/krists-luhaers-AtPWnYNDJnM-unsplash-2048x1365.jpg",2048,1365,true],"colormag-highlighted-post":["https:\/\/focas.uniso.br\/wp-content\/uploads\/2026\/09\/krists-luhaers-AtPWnYNDJnM-unsplash-392x272.jpg",392,272,true],"colormag-featured-post-medium":["https:\/\/focas.uniso.br\/wp-content\/uploads\/2026\/09\/krists-luhaers-AtPWnYNDJnM-unsplash-390x205.jpg",390,205,true],"colormag-featured-post-small":["https:\/\/focas.uniso.br\/wp-content\/uploads\/2026\/09\/krists-luhaers-AtPWnYNDJnM-unsplash-130x90.jpg",130,90,true],"colormag-featured-image":["https:\/\/focas.uniso.br\/wp-content\/uploads\/2026\/09\/krists-luhaers-AtPWnYNDJnM-unsplash-800x445.jpg",800,445,true],"colormag-default-news":["https:\/\/focas.uniso.br\/wp-content\/uploads\/2026\/09\/krists-luhaers-AtPWnYNDJnM-unsplash-150x150.jpg",150,150,true],"colormag-featured-image-large":["https:\/\/focas.uniso.br\/wp-content\/uploads\/2026\/09\/krists-luhaers-AtPWnYNDJnM-unsplash-1400x600.jpg",1400,600,true]},"author_info":{"info":["focas"]},"category_info":"<a href=\"https:\/\/focas.uniso.br\/index.php\/category\/cinema\/\" rel=\"category tag\">Cinema<\/a> <a href=\"https:\/\/focas.uniso.br\/index.php\/category\/jornalismo\/\" rel=\"category tag\">Jornalismo<\/a> <a href=\"https:\/\/focas.uniso.br\/index.php\/category\/jornalismo-digital\/\" rel=\"category tag\">jornalismo digital<\/a> <a href=\"https:\/\/focas.uniso.br\/index.php\/category\/nota\/\" rel=\"category tag\">Nota<\/a>","tag_info":"Nota","comment_count":"0","_links":{"self":[{"href":"https:\/\/focas.uniso.br\/index.php\/wp-json\/wp\/v2\/posts\/6651","targetHints":{"allow":["GET"]}}],"collection":[{"href":"https:\/\/focas.uniso.br\/index.php\/wp-json\/wp\/v2\/posts"}],"about":[{"href":"https:\/\/focas.uniso.br\/index.php\/wp-json\/wp\/v2\/types\/post"}],"author":[{"embeddable":true,"href":"https:\/\/focas.uniso.br\/index.php\/wp-json\/wp\/v2\/users\/1"}],"replies":[{"embeddable":true,"href":"https:\/\/focas.uniso.br\/index.php\/wp-json\/wp\/v2\/comments?post=6651"}],"version-history":[{"count":1,"href":"https:\/\/focas.uniso.br\/index.php\/wp-json\/wp\/v2\/posts\/6651\/revisions"}],"predecessor-version":[{"id":6654,"href":"https:\/\/focas.uniso.br\/index.php\/wp-json\/wp\/v2\/posts\/6651\/revisions\/6654"}],"wp:featuredmedia":[{"embeddable":true,"href":"https:\/\/focas.uniso.br\/index.php\/wp-json\/wp\/v2\/media\/6653"}],"wp:attachment":[{"href":"https:\/\/focas.uniso.br\/index.php\/wp-json\/wp\/v2\/media?parent=6651"}],"wp:term":[{"taxonomy":"category","embeddable":true,"href":"https:\/\/focas.uniso.br\/index.php\/wp-json\/wp\/v2\/categories?post=6651"},{"taxonomy":"post_tag","embeddable":true,"href":"https:\/\/focas.uniso.br\/index.php\/wp-json\/wp\/v2\/tags?post=6651"}],"curies":[{"name":"wp","href":"https:\/\/api.w.org\/{rel}","templated":true}]}}