{"id":6655,"date":"2026-09-04T10:19:46","date_gmt":"2026-09-04T13:19:46","guid":{"rendered":"https:\/\/focas.uniso.br\/?p=6655"},"modified":"2026-09-04T10:20:10","modified_gmt":"2026-09-04T13:20:10","slug":"rock-contra-o-cancer-completa-4-anos-com-musica-e-acoes-beneficentes","status":"publish","type":"post","link":"https:\/\/focas.uniso.br\/index.php\/2026\/09\/04\/rock-contra-o-cancer-completa-4-anos-com-musica-e-acoes-beneficentes\/","title":{"rendered":"Rock Contra o C\u00e2ncer completa 4 anos com m\u00fasica e a\u00e7\u00f5es beneficentes"},"content":{"rendered":"\n<p class=\"wp-block-paragraph\">O aquecimento ser\u00e1 neste domingo (06\/09) e o anivers\u00e1rio do evento, no dia 20\/09.<\/p>\n\n\n\n<p class=\"has-text-align-right wp-block-paragraph\"><strong>Por Antony Moscatelli (Ag\u00eancia Focas \u2013 Jornalismo Uniso)<\/strong><\/p>\n\n\n\n<p class=\"wp-block-paragraph\"><\/p>\n\n\n\n<figure class=\"wp-block-image aligncenter size-full\"><img loading=\"lazy\" decoding=\"async\" width=\"590\" height=\"339\" src=\"https:\/\/focas.uniso.br\/wp-content\/uploads\/2026\/09\/WhatsApp-Image-2026-09-04-at-09.58.49.png\" alt=\"\" class=\"wp-image-6663\" srcset=\"https:\/\/focas.uniso.br\/wp-content\/uploads\/2026\/09\/WhatsApp-Image-2026-09-04-at-09.58.49.png 590w, https:\/\/focas.uniso.br\/wp-content\/uploads\/2026\/09\/WhatsApp-Image-2026-09-04-at-09.58.49-300x172.png 300w\" sizes=\"auto, (max-width: 590px) 100vw, 590px\" \/><\/figure>\n\n\n\n<p class=\"wp-block-paragraph\"><br>Em setembro de 2022, acontecia a primeira edi\u00e7\u00e3o oficial do Rock Contra o C\u00e2ncer, um evento beneficente idealizado por Eduardo Fioravante Jr., 49, que tem como objetivo principal arrecadar doa\u00e7\u00f5es para entidades de combate \u00e0 doen\u00e7a, e abrir espa\u00e7o para bandas covers e autorais.<\/p>\n\n\n\n<p class=\"wp-block-paragraph\">\u201cEssa ideia, na verdade, surgiu h\u00e1 um bom tempo atr\u00e1s. L\u00e1 por volta de 2003, 2004, mais ou menos. Eu cheguei a fazer um evento do Rock Contra o C\u00e2ncer nessa \u00e9poca. Foi no antigo Tekila\u2019s Bar\u201d. De acordo com&nbsp; Fioravante, a edi\u00e7\u00e3o zero do evento reuniu 12 bandas, mas, mesmo com a recep\u00e7\u00e3o positiva do p\u00fablico, o projeto s\u00f3 retornou em 2022.<\/p>\n\n\n\n<p class=\"wp-block-paragraph\">Com eventos mensais, o projeto \u00e9 desenvolvido em parceria com a <a href=\"https:\/\/www.ligacombateaocancer.org.br\/\">Liga Sorocabana de Combate ao C\u00e2ncer<\/a>, entidade sem fins lucrativos que desde 1975 assiste mulheres com diagn\u00f3stico de c\u00e2nceres de mama e ginecol\u00f3gico. Anteriormente, o projeto tamb\u00e9m foi realizado em di\u00e1logo com a ABOS (Associa\u00e7\u00e3o Beneficente Oncol\u00f3gica de Sorocaba) e com a ASIPECA (Associa\u00e7\u00e3o de Socorro Imediato a pessoas com C\u00e2ncer e Autismo).<\/p>\n\n\n\n<p class=\"wp-block-paragraph\">\u201cAtualmente, estamos tamb\u00e9m com uma parceria com o Labo Imagem que nos ofereceu, em todos os meses, 20 exames de imagem para pessoas que t\u00eam pedido de ultrassom pelo SUS por suspeitas relacionadas ao c\u00e2ncer. Ent\u00e3o \u00e9 s\u00f3 apresentar esse pedido para a gente que n\u00f3s encaminhamos e ela pode fazer o exame gratuitamente\u201d, conta&nbsp; Fioravante.<\/p>\n\n\n\n<p class=\"wp-block-paragraph\">Um dos objetivos \u00e9 expandir o Rock Contra o C\u00e2ncer para outras cidades, o primeiro passo foi a integra\u00e7\u00e3o do evento ao Palco Livre que ocorreu em Julho de 2026, em Votorantim. \u201cE n\u00e3o s\u00f3 expandir, mas, quem sabe um dia, al\u00e9m das doa\u00e7\u00f5es de comida e produtos de limpeza, que a gente possa comprar equipamentos que algum hospital precise. Esse \u00e9 o sonho que eu tenho para o Rock Contra o C\u00e2ncer.\u201d<\/p>\n\n\n\n<p class=\"wp-block-paragraph\">O contato principal da curadoria do evento, tanto para as bandas, quanto para os expositores, potenciais interessados em sediar o evento e poss\u00edveis patrocinadores, \u00e9 feito pelo instagram <a href=\"https:\/\/www.instagram.com\/rockcontraocancer_sorocaba\/\">@rockcontraocancer_sorocaba<\/a>.<\/p>\n\n\n\n<p class=\"wp-block-paragraph\">A inspira\u00e7\u00e3o principal para o surgimento do projeto foi Wally, av\u00f3 de&nbsp; Fioravante, que faleceu em decorr\u00eancia de c\u00e2ncer no final de 2002. \u201cFoi mais que uma homenagem para ela. \u00c9 para falar \u2018voc\u00ea vai estar sempre aqui.\u2019\u201d<\/p>\n\n\n\n<p class=\"wp-block-paragraph\"><strong>Pr\u00f3ximos eventos<\/strong><\/p>\n\n\n\n<p class=\"wp-block-paragraph\">O esquenta para o anivers\u00e1rio do Rock Contra o C\u00e2ncer ser\u00e1 realizado neste domingo, 06\/09, na Hamburgueria Primatas e contar\u00e1 com tributos de bandas que marcaram especialmente os anos 2000, como a DEAD!, cover de My Chemical Romance, a Trust, cover de bandas de NuMetal como Linkin Park, System of a Down e Slipknot, e a K!BAD, trazendo m\u00fasicas do emo nacional, como Fresno, CPM22 e NxZero.<\/p>\n\n\n\n<p class=\"wp-block-paragraph\">A comemora\u00e7\u00e3o oficial dos 4 anos de evento ser\u00e1 no Devil\u2019s Pub, no dia 20\/09, tocando o melhor do grunge com as bandas AstianaX Juniors, trazendo as m\u00fasicas de Nirvana, Inner Song, com as do Soundgarden, Dissidents, com as melhores do Pearl Jam.<\/p>\n\n\n\n<p class=\"wp-block-paragraph\">O ingresso nos dois eventos \u00e9 um produto de limpeza e o p\u00fablico tem acesso a stands de roupas e acess\u00f3rios, flash tattoos e piercings.<\/p>\n\n\n\n<p class=\"wp-block-paragraph\">No Outubro Rosa, haver\u00e1 uma programa\u00e7\u00e3o especial com bandas femininas ou que tenham vocal feminino. Mais detalhes da agenda de outubro ser\u00e3o divulgados no Instagram do projeto em breve.<\/p>\n\n\n\n<p class=\"wp-block-paragraph\">Ent\u00e3o separe a camiseta da sua banda favorita e a sua doa\u00e7\u00e3o para curtir uma boa m\u00fasica e ainda ajudar quem mais precisa.<\/p>\n\n\n\n<figure class=\"wp-block-gallery has-nested-images columns-default is-cropped wp-block-gallery-1 is-layout-flex wp-block-gallery-is-layout-flex\">\n<figure class=\"wp-block-image size-large\"><img loading=\"lazy\" decoding=\"async\" width=\"413\" height=\"512\" data-id=\"6665\" src=\"https:\/\/focas.uniso.br\/wp-content\/uploads\/2026\/09\/unnamed-1.png\" alt=\"\" class=\"wp-image-6665\" srcset=\"https:\/\/focas.uniso.br\/wp-content\/uploads\/2026\/09\/unnamed-1.png 413w, https:\/\/focas.uniso.br\/wp-content\/uploads\/2026\/09\/unnamed-1-242x300.png 242w\" sizes=\"auto, (max-width: 413px) 100vw, 413px\" \/><\/figure>\n\n\n\n<figure class=\"wp-block-image size-large\"><img loading=\"lazy\" decoding=\"async\" width=\"410\" height=\"512\" data-id=\"6666\" src=\"https:\/\/focas.uniso.br\/wp-content\/uploads\/2026\/09\/unnamed.png\" alt=\"\" class=\"wp-image-6666\" srcset=\"https:\/\/focas.uniso.br\/wp-content\/uploads\/2026\/09\/unnamed.png 410w, https:\/\/focas.uniso.br\/wp-content\/uploads\/2026\/09\/unnamed-240x300.png 240w\" sizes=\"auto, (max-width: 410px) 100vw, 410px\" \/><\/figure>\n<\/figure>\n\n\n\n<p class=\"wp-block-paragraph\"><strong>Presta\u00e7\u00e3o de Servi\u00e7o:<\/strong><\/p>\n\n\n\n<ul class=\"wp-block-list\">\n<li class=\"\"><strong>06\/09 \u2013 Warm Up RCC: Especial anos 2000<\/strong><\/li>\n<\/ul>\n\n\n\n<p class=\"wp-block-paragraph\">A partir das 14H. Hamburgueria Primatas (R. Fernando Silva, n\u00b0 400, Jardim do Sol, Sorocaba).<\/p>\n\n\n\n<p class=\"wp-block-paragraph\">Entrada: 1 produto de limpeza.<\/p>\n\n\n\n<ul class=\"wp-block-list\">\n<li class=\"\"><strong>20\/09 \u2013 4 anos de RCC*<\/strong><\/li>\n<\/ul>\n\n\n\n<p class=\"wp-block-paragraph\">A partir das 14H. Devil\u2019s Pub (R. Jo\u00e3o Mendes Gomes, n\u00b0 31, Jardim Maria do Carmo, Sorocaba).<\/p>\n\n\n\n<p class=\"wp-block-paragraph\">Entrada: 1 produto de limpeza.<\/p>\n\n\n\n<p class=\"wp-block-paragraph\">*Menores de 18 anos somente acompanhados de um respons\u00e1vel.<\/p>\n\n\n\n<p class=\"wp-block-paragraph\"><\/p>\n","protected":false},"excerpt":{"rendered":"<p>O aquecimento ser\u00e1 neste domingo (06\/09) e o anivers\u00e1rio do evento, no dia 20\/09. Por Antony Moscatelli (Ag\u00eancia Focas \u2013<\/p>\n","protected":false},"author":1,"featured_media":6663,"comment_status":"open","ping_status":"open","sticky":true,"template":"","format":"standard","meta":{"colormag_page_container_layout":"default_layout","colormag_page_sidebar_layout":"default_layout","footnotes":""},"categories":[15,107,110],"tags":[30,29,28],"class_list":["post-6655","post","type-post","status-publish","format-standard","has-post-thumbnail","hentry","category-jornalismo","category-musica","category-rock","tag-focas","tag-jornalismo","tag-uniso"],"featured_image_urls":{"full":["https:\/\/focas.uniso.br\/wp-content\/uploads\/2026\/09\/WhatsApp-Image-2026-09-04-at-09.58.49.png",590,339,false],"thumbnail":["https:\/\/focas.uniso.br\/wp-content\/uploads\/2026\/09\/WhatsApp-Image-2026-09-04-at-09.58.49-150x150.png",150,150,true],"medium":["https:\/\/focas.uniso.br\/wp-content\/uploads\/2026\/09\/WhatsApp-Image-2026-09-04-at-09.58.49-300x172.png",300,172,true],"medium_large":["https:\/\/focas.uniso.br\/wp-content\/uploads\/2026\/09\/WhatsApp-Image-2026-09-04-at-09.58.49.png",590,339,false],"large":["https:\/\/focas.uniso.br\/wp-content\/uploads\/2026\/09\/WhatsApp-Image-2026-09-04-at-09.58.49.png",590,339,false],"1536x1536":["https:\/\/focas.uniso.br\/wp-content\/uploads\/2026\/09\/WhatsApp-Image-2026-09-04-at-09.58.49.png",590,339,false],"2048x2048":["https:\/\/focas.uniso.br\/wp-content\/uploads\/2026\/09\/WhatsApp-Image-2026-09-04-at-09.58.49.png",590,339,false],"colormag-highlighted-post":["https:\/\/focas.uniso.br\/wp-content\/uploads\/2026\/09\/WhatsApp-Image-2026-09-04-at-09.58.49-392x272.png",392,272,true],"colormag-featured-post-medium":["https:\/\/focas.uniso.br\/wp-content\/uploads\/2026\/09\/WhatsApp-Image-2026-09-04-at-09.58.49-390x205.png",390,205,true],"colormag-featured-post-small":["https:\/\/focas.uniso.br\/wp-content\/uploads\/2026\/09\/WhatsApp-Image-2026-09-04-at-09.58.49-130x90.png",130,90,true],"colormag-featured-image":["https:\/\/focas.uniso.br\/wp-content\/uploads\/2026\/09\/WhatsApp-Image-2026-09-04-at-09.58.49.png",590,339,false],"colormag-default-news":["https:\/\/focas.uniso.br\/wp-content\/uploads\/2026\/09\/WhatsApp-Image-2026-09-04-at-09.58.49-150x150.png",150,150,true],"colormag-featured-image-large":["https:\/\/focas.uniso.br\/wp-content\/uploads\/2026\/09\/WhatsApp-Image-2026-09-04-at-09.58.49.png",590,339,false]},"author_info":{"info":["focas"]},"category_info":"<a href=\"https:\/\/focas.uniso.br\/index.php\/category\/jornalismo\/\" rel=\"category tag\">Jornalismo<\/a> <a href=\"https:\/\/focas.uniso.br\/index.php\/category\/musica\/\" rel=\"category tag\">m\u00fasica<\/a> <a href=\"https:\/\/focas.uniso.br\/index.php\/category\/rock\/\" rel=\"category tag\">Rock<\/a>","tag_info":"Rock","comment_count":"0","_links":{"self":[{"href":"https:\/\/focas.uniso.br\/index.php\/wp-json\/wp\/v2\/posts\/6655","targetHints":{"allow":["GET"]}}],"collection":[{"href":"https:\/\/focas.uniso.br\/index.php\/wp-json\/wp\/v2\/posts"}],"about":[{"href":"https:\/\/focas.uniso.br\/index.php\/wp-json\/wp\/v2\/types\/post"}],"author":[{"embeddable":true,"href":"https:\/\/focas.uniso.br\/index.php\/wp-json\/wp\/v2\/users\/1"}],"replies":[{"embeddable":true,"href":"https:\/\/focas.uniso.br\/index.php\/wp-json\/wp\/v2\/comments?post=6655"}],"version-history":[{"count":1,"href":"https:\/\/focas.uniso.br\/index.php\/wp-json\/wp\/v2\/posts\/6655\/revisions"}],"predecessor-version":[{"id":6667,"href":"https:\/\/focas.uniso.br\/index.php\/wp-json\/wp\/v2\/posts\/6655\/revisions\/6667"}],"wp:featuredmedia":[{"embeddable":true,"href":"https:\/\/focas.uniso.br\/index.php\/wp-json\/wp\/v2\/media\/6663"}],"wp:attachment":[{"href":"https:\/\/focas.uniso.br\/index.php\/wp-json\/wp\/v2\/media?parent=6655"}],"wp:term":[{"taxonomy":"category","embeddable":true,"href":"https:\/\/focas.uniso.br\/index.php\/wp-json\/wp\/v2\/categories?post=6655"},{"taxonomy":"post_tag","embeddable":true,"href":"https:\/\/focas.uniso.br\/index.php\/wp-json\/wp\/v2\/tags?post=6655"}],"curies":[{"name":"wp","href":"https:\/\/api.w.org\/{rel}","templated":true}]}}