{"id":745,"date":"2011-10-26T13:30:00","date_gmt":"2011-10-26T13:30:00","guid":{"rendered":"http:\/\/focas.uniso.br\/index.php\/2011\/10\/26\/estudantes-debatem-texto-de-jean-paul-sartre\/"},"modified":"2011-10-26T13:30:00","modified_gmt":"2011-10-26T13:30:00","slug":"estudantes-debatem-texto-de-jean-paul-sartre","status":"publish","type":"post","link":"https:\/\/focas.uniso.br\/index.php\/2011\/10\/26\/estudantes-debatem-texto-de-jean-paul-sartre\/","title":{"rendered":"Estudantes debatem texto de Jean-Paul Sartre"},"content":{"rendered":"<div style=\"clear: both; text-align: left;\"><u>Semana de Filosofia<\/u><\/div>\n<div style=\"clear: both; text-align: left;\"><u><br \/><\/u><\/div>\n<table align=\"center\" cellpadding=\"0\" cellspacing=\"0\" style=\"margin-left: auto; margin-right: auto; text-align: center;\">\n<tbody>\n<tr>\n<td style=\"text-align: center;\"><a href=\"http:\/\/2.bp.blogspot.com\/-hm96bAXjSOU\/TqrMt1S7lbI\/AAAAAAAAAgo\/FGfyZbu8lfg\/s1600\/Alex+Villas+Boas.jpg\" style=\"margin-left: auto; margin-right: auto;\"><img loading=\"lazy\" decoding=\"async\" border=\"0\" height=\"205\" src=\"http:\/\/2.bp.blogspot.com\/-hm96bAXjSOU\/TqrMt1S7lbI\/AAAAAAAAAgo\/FGfyZbu8lfg\/s400\/Alex+Villas+Boas.jpg\" width=\"400\" \/><\/a><\/td>\n<\/tr>\n<tr>\n<td style=\"text-align: center;\">O professor Alex Villas Boas (PUCSP) ministrou a palestra sobre Jean-Paul Sartre na Semana de Filosofia<\/td>\n<\/tr>\n<\/tbody>\n<\/table>\n<div style=\"text-align: justify;\">A Semana de Filosofia, com o tema \u201cSer e a exist\u00eancia\u201d, teve in\u00edcio nesta ter\u00e7a-feira, 25, no Anfiteatro da Biblioteca da Cidade Universit\u00e1ria.<\/div>\n<div style=\"text-align: justify;\"><\/div>\n<div style=\"text-align: justify;\">Os estudantes reuniram-se para uma Oficina de Leitura, quando debateram o texto \u201cO que \u00e9 a Literatura?\u201d, publicado em 1948, por Jean-Paul Sartre. Na obra, o fil\u00f3sofo franc\u00eas aborda sobre a rela\u00e7\u00e3o do ser, ao que se refere ao problema da exist\u00eancia, e o ser escritor. Aponta, ainda, a inten\u00e7\u00e3o de um autor ao expressar no formato liter\u00e1rio a rela\u00e7\u00e3o entre realidade e ser, e busca a compreens\u00e3o do contato da consci\u00eancia e realidade. <\/div>\n<div style=\"text-align: justify;\"><\/div>\n<div style=\"text-align: justify;\">Segundo o professor Benedito Cirino, do Curso de Filosofia, a leitura do texto de Sartre pelos alunos se justifica pelo fil\u00f3sofo franc\u00eas ser um expoente da Filosofia Contempor\u00e2nea e apresentar um estudo sobre \u00e9tica. <\/div>\n<div style=\"text-align: justify;\"><\/div>\n<div style=\"text-align: justify;\">A discuss\u00e3o sobre o texto foi complementada pela palestra \u201cSartre e a Po\u00e9tica do Nada\u201d, ministrada pelo professor Alex Villas Boas, da PUCSP, e egresso do curso de Filosofia da Uniso. Para o professor, Sartre \u00e9 importante em medida que nos convida a pensar em profundidade sobre tudo o que n\u00e3o est\u00e1 vis\u00edvel na realidade, mas que determina as rela\u00e7\u00f5es \u00e9ticas e morais.<\/div>\n<div style=\"text-align: justify;\"><\/div>\n<div style=\"text-align: justify;\">Nesta quarta-feira, 26, a Semana de Filosofia recebe o professor Andr\u00e9 Luiz Sueiro, com o tema \u201cA Constitui\u00e7\u00e3o Hermen\u00eautica da Exist\u00eancia em Heidegger\u201d, na sala 301, do Bloco D. E na quinta-feira, 27, o professor Benedito Cirino aborda sobre a \u201cDura\u00e7\u00e3o e Exist\u00eancia em Bergson\u201d, no Anfiteatro da Biblioteca.&nbsp; <\/div>\n<div style=\"text-align: justify;\"><\/div>\n<div style=\"text-align: justify;\">Mais informa\u00e7\u00f5es pelo telefone 2101-7056.<\/div>\n<p><b>Ag\u00eanciaJor\/Uniso<\/b><\/p>\n","protected":false},"excerpt":{"rendered":"<p>Semana de Filosofia O professor Alex Villas Boas (PUCSP) ministrou a palestra sobre Jean-Paul Sartre na Semana de Filosofia A<\/p>\n","protected":false},"author":1,"featured_media":0,"comment_status":"open","ping_status":"open","sticky":false,"template":"","format":"standard","meta":{"colormag_page_container_layout":"default_layout","colormag_page_sidebar_layout":"default_layout","footnotes":""},"categories":[25],"tags":[],"class_list":["post-745","post","type-post","status-publish","format-standard","hentry","category-semana-de-filosofia"],"featured_image_urls":{"full":"","thumbnail":"","medium":"","medium_large":"","large":"","1536x1536":"","2048x2048":"","colormag-highlighted-post":"","colormag-featured-post-medium":"","colormag-featured-post-small":"","colormag-featured-image":"","colormag-default-news":"","colormag-featured-image-large":""},"author_info":{"info":["focas"]},"category_info":"<a href=\"https:\/\/focas.uniso.br\/index.php\/category\/semana-de-filosofia\/\" rel=\"category tag\">Semana de Filosofia<\/a>","tag_info":"Semana de Filosofia","comment_count":"0","_links":{"self":[{"href":"https:\/\/focas.uniso.br\/index.php\/wp-json\/wp\/v2\/posts\/745","targetHints":{"allow":["GET"]}}],"collection":[{"href":"https:\/\/focas.uniso.br\/index.php\/wp-json\/wp\/v2\/posts"}],"about":[{"href":"https:\/\/focas.uniso.br\/index.php\/wp-json\/wp\/v2\/types\/post"}],"author":[{"embeddable":true,"href":"https:\/\/focas.uniso.br\/index.php\/wp-json\/wp\/v2\/users\/1"}],"replies":[{"embeddable":true,"href":"https:\/\/focas.uniso.br\/index.php\/wp-json\/wp\/v2\/comments?post=745"}],"version-history":[{"count":0,"href":"https:\/\/focas.uniso.br\/index.php\/wp-json\/wp\/v2\/posts\/745\/revisions"}],"wp:attachment":[{"href":"https:\/\/focas.uniso.br\/index.php\/wp-json\/wp\/v2\/media?parent=745"}],"wp:term":[{"taxonomy":"category","embeddable":true,"href":"https:\/\/focas.uniso.br\/index.php\/wp-json\/wp\/v2\/categories?post=745"},{"taxonomy":"post_tag","embeddable":true,"href":"https:\/\/focas.uniso.br\/index.php\/wp-json\/wp\/v2\/tags?post=745"}],"curies":[{"name":"wp","href":"https:\/\/api.w.org\/{rel}","templated":true}]}}