{"id":754,"date":"2011-10-20T03:01:00","date_gmt":"2011-10-20T03:01:00","guid":{"rendered":"http:\/\/focas.uniso.br\/index.php\/2011\/10\/20\/estudante-da-uniso-concorre-a-primeiro-lugar-em-fotojornalismo\/"},"modified":"2011-10-20T03:01:00","modified_gmt":"2011-10-20T03:01:00","slug":"estudante-da-uniso-concorre-a-primeiro-lugar-em-fotojornalismo","status":"publish","type":"post","link":"https:\/\/focas.uniso.br\/index.php\/2011\/10\/20\/estudante-da-uniso-concorre-a-primeiro-lugar-em-fotojornalismo\/","title":{"rendered":"Estudante da Uniso concorre a primeiro lugar em Fotojornalismo"},"content":{"rendered":"<div style=\"text-align: justify;\"><b>Pr\u00eamio ASI\/SCHAEFFLER de Direitos Humanos<\/b><\/p>\n<table align=\"center\" cellpadding=\"0\" cellspacing=\"0\" style=\"margin-left: auto; margin-right: auto; text-align: center;\">\n<tbody>\n<tr>\n<td style=\"text-align: center;\"><a href=\"http:\/\/3.bp.blogspot.com\/-lJeXUuc7CIc\/TqDgaXjYR5I\/AAAAAAAAAPs\/zSnYou38Cwg\/s1600\/Marianna+Barreto.jpg\" style=\"margin-left: auto; margin-right: auto;\"><img loading=\"lazy\" decoding=\"async\" border=\"0\" height=\"285\" src=\"http:\/\/3.bp.blogspot.com\/-lJeXUuc7CIc\/TqDgaXjYR5I\/AAAAAAAAAPs\/zSnYou38Cwg\/s400\/Marianna+Barreto.jpg\" width=\"400\" \/><\/a><\/td>\n<\/tr>\n<tr>\n<td style=\"text-align: center;\">Marianna Barreto<\/td>\n<\/tr>\n<\/tbody>\n<\/table>\n<p><b><br \/><\/b><\/div>\n<div style=\"text-align: justify;\">A estudante Marianna Barreto, do 7\u00b0 per\u00edodo de Jornalismo, est\u00e1 entre as finalistas do 11\u00b0 Pr\u00eamio Jornal\u00edstico ASI\/SCHAEFFLER GROUP de Direitos Humanos, na categoria Fotojornalismo.   As fotos foram feitas em 21 de agosto , na 6\u00aa Parada do Orgulho Gay de Sorocaba e Regi\u00e3o, e foram publicadas em 22 de agosto, pelo Portal Ipanema, que integra a Rede Sistema Ipanema (em conjunto com o Jornal Ipanema e Radio Jovem Pan).&nbsp;<\/div>\n<div style=\"text-align: justify;\"><\/div>\n<div style=\"text-align: justify;\">Marianna, que foi bolsista da Ag\u00eancia Experimental de Jornalismo, ingressou como estagi\u00e1ria no Portal Ipanema em junho passado. Segundo o editor do Portal, o jornalista Jonatas Rosa, Marianna, apesar de ainda estudante, concorre na categoria profissional ao trof\u00e9u \u201c\u00c1lvaro Zalla\u201d, ao lado Assis Cavalcante (Bom Dia) e Erick Pinheiro (Cruzeiro do Sul).&nbsp;<\/div>\n<div style=\"text-align: justify;\"><\/div>\n<div style=\"text-align: justify;\">Al\u00e9m da premia\u00e7\u00e3o em dinheiro e trof\u00e9u, o vencedor de cada uma das cinco categorias \u2013 r\u00e1dio, tv, impresso, foto e reportagem cinematogr\u00e1fica \u2013 concorre ao pr\u00eamio especial \u201cTim Lopes\u201d, homenagem ao jornalista assassinado por traficantes no Rio de Janeiro.&nbsp;<\/div>\n<div style=\"text-align: justify;\"><\/div>\n<div style=\"text-align: justify;\">Institu\u00eddo, em 2001, pela Associa\u00e7\u00e3o Sorocabana de Imprensa (ASI), o pr\u00eamio jornal\u00edstico foi inspirado no Pr\u00eamio Jornal\u00edstico \u201cVladimir Herzog\u201d \u2013 de Anistia e Direitos Humanos, criado para homenagear o jornalista morto nas depend\u00eancias do DOI-CODI, em S\u00e3o Paulo.&nbsp;<\/div>\n<div style=\"text-align: justify;\"><\/div>\n<div style=\"text-align: justify;\">Em todas as categorias, os tr\u00eas primeiros colocados receber\u00e3o trof\u00e9us e pr\u00eamios em dinheiro: R$ 800 (3\u00ba lugar), R$ 1.200 (2\u00ba lugar) e R$ 2 mil (1\u00ba lugar).  A cerim\u00f4nia de premia\u00e7\u00e3o dos melhores trabalhos ser\u00e1 em 4 de novembro, \u00e0s 19h, em sess\u00e3o solene da C\u00e2mara Municipal de Sorocaba.&nbsp;<\/div>\n<div style=\"text-align: justify;\"><\/div>\n<div style=\"text-align: justify;\"><b>Ag\u00eanciaJor\/Uniso&nbsp;<\/b><\/div>\n<div style=\"text-align: justify;\"><\/div>\n<div style=\"text-align: justify;\"><span style=\"font-size: large;\">Confira os finalistas:<\/span>&nbsp;<\/div>\n<div style=\"text-align: justify;\"><\/div>\n<div style=\"text-align: justify;\"><b>Jornalismo Impresso ou Eletr\u00f4nico<\/b> \u2013 Trof\u00e9u \u201cVitor Cioffi de Luca\u201d: Estela Casagrande, Regina Helena Santos e Simone Sanches (todas do Cruzeiro do Sul);&nbsp;<\/div>\n<div style=\"text-align: justify;\"><\/div>\n<div style=\"text-align: justify;\"><b>Fotojornalismo<\/b> \u2013 Trof\u00e9u \u201c\u00c1lvaro Zalla\u201d: Assis Cavalcante (Bom Dia), Erick Pinheiro (Cruzeiro do Sul) e Marianna Barreto (Pornal Ipanema);&nbsp;<\/div>\n<div style=\"text-align: justify;\"><\/div>\n<div style=\"text-align: justify;\"><b>Telejornalismo<\/b> \u2013 Trof\u00e9u \u201cMarcos C\u00e9sar\u201d: Hon\u00f3rio Jacometto (TV Tem), Mayara Cruz (TV Votorantim) e Thiago Ariosi (TV Tem);&nbsp;<\/div>\n<div style=\"text-align: justify;\"><\/div>\n<div style=\"text-align: justify;\"><b>Reportagem Cinematogr\u00e1fica<\/b> \u2013 Trof\u00e9u \u201cFreitas J\u00fanior\u201d: Cosmo Avelino, Ebert Leme e Marcos Pinguim (todos da TV Tem);&nbsp;<\/div>\n<div style=\"text-align: justify;\"><\/div>\n<div style=\"text-align: justify;\"><b>Radiojornalismo<\/b> \u2013 Trof\u00e9u \u201cUlderico Am\u00eandola\u201d: Adriana Fratini (Band FM), Luciana Lopez e Neide Barbosa (ambas da Jovem Pan).  <\/div>\n","protected":false},"excerpt":{"rendered":"<p>Pr\u00eamio ASI\/SCHAEFFLER de Direitos Humanos Marianna Barreto A estudante Marianna Barreto, do 7\u00b0 per\u00edodo de Jornalismo, est\u00e1 entre as finalistas<\/p>\n","protected":false},"author":1,"featured_media":0,"comment_status":"open","ping_status":"open","sticky":false,"template":"","format":"standard","meta":{"colormag_page_container_layout":"default_layout","colormag_page_sidebar_layout":"default_layout","footnotes":""},"categories":[1],"tags":[],"class_list":["post-754","post","type-post","status-publish","format-standard","hentry","category-uncategorized"],"featured_image_urls":{"full":"","thumbnail":"","medium":"","medium_large":"","large":"","1536x1536":"","2048x2048":"","colormag-highlighted-post":"","colormag-featured-post-medium":"","colormag-featured-post-small":"","colormag-featured-image":"","colormag-default-news":"","colormag-featured-image-large":""},"author_info":{"info":["focas"]},"category_info":"<a href=\"https:\/\/focas.uniso.br\/index.php\/category\/uncategorized\/\" rel=\"category tag\">Uncategorized<\/a>","tag_info":"Uncategorized","comment_count":"0","_links":{"self":[{"href":"https:\/\/focas.uniso.br\/index.php\/wp-json\/wp\/v2\/posts\/754","targetHints":{"allow":["GET"]}}],"collection":[{"href":"https:\/\/focas.uniso.br\/index.php\/wp-json\/wp\/v2\/posts"}],"about":[{"href":"https:\/\/focas.uniso.br\/index.php\/wp-json\/wp\/v2\/types\/post"}],"author":[{"embeddable":true,"href":"https:\/\/focas.uniso.br\/index.php\/wp-json\/wp\/v2\/users\/1"}],"replies":[{"embeddable":true,"href":"https:\/\/focas.uniso.br\/index.php\/wp-json\/wp\/v2\/comments?post=754"}],"version-history":[{"count":0,"href":"https:\/\/focas.uniso.br\/index.php\/wp-json\/wp\/v2\/posts\/754\/revisions"}],"wp:attachment":[{"href":"https:\/\/focas.uniso.br\/index.php\/wp-json\/wp\/v2\/media?parent=754"}],"wp:term":[{"taxonomy":"category","embeddable":true,"href":"https:\/\/focas.uniso.br\/index.php\/wp-json\/wp\/v2\/categories?post=754"},{"taxonomy":"post_tag","embeddable":true,"href":"https:\/\/focas.uniso.br\/index.php\/wp-json\/wp\/v2\/tags?post=754"}],"curies":[{"name":"wp","href":"https:\/\/api.w.org\/{rel}","templated":true}]}}