{"id":763,"date":"2011-10-07T14:48:00","date_gmt":"2011-10-07T14:48:00","guid":{"rendered":"http:\/\/focas.uniso.br\/index.php\/2011\/10\/07\/jornalismo-recebe-editor-do-portal-ipanema\/"},"modified":"2011-10-07T14:48:00","modified_gmt":"2011-10-07T14:48:00","slug":"jornalismo-recebe-editor-do-portal-ipanema","status":"publish","type":"post","link":"https:\/\/focas.uniso.br\/index.php\/2011\/10\/07\/jornalismo-recebe-editor-do-portal-ipanema\/","title":{"rendered":"Jornalismo recebe editor do Portal Ipanema"},"content":{"rendered":"<div style=\"clear: both; text-align: center;\"><a href=\"http:\/\/3.bp.blogspot.com\/-yVq3d-OijcE\/To8QyJ0ytII\/AAAAAAAAAHE\/kF7cu2EZgSA\/s1600\/editor+ipanema2.jpg\" style=\"margin-left: 1em; margin-right: 1em;\"><img loading=\"lazy\" decoding=\"async\" border=\"0\" height=\"236\" src=\"http:\/\/3.bp.blogspot.com\/-yVq3d-OijcE\/To8QyJ0ytII\/AAAAAAAAAHE\/kF7cu2EZgSA\/s400\/editor+ipanema2.jpg\" width=\"400\" \/><\/a><\/div>\n<div style=\"text-align: justify;\"><\/div>\n<div style=\"text-align: justify;\">Os estudantes do segundo per\u00edodo de Jornalismo receberam, nesta quarta-feira, 5, o editor do Jornal Ipanema, o jornalista Jonatas Rosa, para uma entrevista coletiva. Rosa, que \u00e9 formado em Jornalismo pela Uniso, abordou o jornalismo online, mercado de trabalho e expectativas com a nova m\u00eddia.<\/div>\n<div style=\"text-align: justify;\"><\/div>\n<div style=\"text-align: justify;\">Jonatas Rosa come\u00e7ou em 2010, como estagi\u00e1rio no Sistema Ipanema, que comp\u00f5e a Radio Jovem Pan, Jornal Ipanema e Portal Ipanema. No in\u00edcio de 2011, assumiu a edi\u00e7\u00e3o do Portal. Para ele, o mercado jornal\u00edstico em Sorocaba est\u00e1 em expans\u00e3o, e valoriza a produ\u00e7\u00e3o no interior. \u201cA imprensa no interior oferece mais oportunidades. Conseguimos aprender mais, passando por todas as etapas de uma produ\u00e7\u00e3o jornal\u00edstica. Da pauta, a procura por uma reportagem, at\u00e9 mesmo o fechamento de um jornal. J\u00e1 cheguei at\u00e9 distribuir os jornais\u201d, conta.<\/div>\n<div style=\"text-align: justify;\"><\/div>\n<div style=\"clear: both; text-align: center;\"><a href=\"http:\/\/4.bp.blogspot.com\/-pDk2iBuivWA\/To8Q4hYZT3I\/AAAAAAAAAHI\/rQH54fUPYEQ\/s1600\/jonatas+rosa.jpg\" style=\"clear: left; float: left; margin-bottom: 1em; margin-right: 1em;\"><img loading=\"lazy\" decoding=\"async\" border=\"0\" height=\"200\" src=\"http:\/\/4.bp.blogspot.com\/-pDk2iBuivWA\/To8Q4hYZT3I\/AAAAAAAAAHI\/rQH54fUPYEQ\/s200\/jonatas+rosa.jpg\" width=\"194\" \/><\/a><\/div>\n<div style=\"text-align: justify;\">Para ele, os desafios encontrados pelos novos profissionais da \u00e1rea s\u00e3o ter \u201cjogo de cintura\u201d diante de situa\u00e7\u00f5es constrangedoras e contornar situa\u00e7\u00f5es sem desviar o foco da reportagem. O jornalista destacou, ainda, a import\u00e2ncia do profissional estar sempre bem informado e atualizado a respeito dos fatos atuais: \u201cSe, neste momento, surge uma not\u00edcia sobre uma determinada pessoa, o jornalista tem que saber no mesmo instante: quem \u00e9, o que faz, do que se trata, quais os poss\u00edveis motivos que o levaram a fazer tal coisa. Enfim, tudo. S\u00f3 assim ele estar\u00e1 preparado para a sua reportagem, procurando as fontes certas e o enfoque adequado.\u201d<\/div>\n<div style=\"text-align: justify;\"><\/div>\n<div style=\"text-align: justify;\">Sobre o Portal Ipanema, implantado h\u00e1 dois anos, o editor falou sobre os planos de expans\u00e3o. \u201cBuscamos sempre fortalecer a imagem do portal como refer\u00eancia de informa\u00e7\u00e3o de qualidade. Hoje, queremos focar mais na cidade e regi\u00e3o, cobrindo o dia a dia. Nosso objetivo \u00e9 diminuir o n\u00famero de editorias para nos dedicarmos a temas espec\u00edficos e mais relevantes a nossa regi\u00e3o\u201d.<\/div>\n<div style=\"text-align: justify;\"><\/div>\n<div style=\"text-align: justify;\">O editor esteve na Uniso a convite da professora Andrea Sanhudo, tamb\u00e9m coordenadora da Ag\u00eancia Experimental em Jornalismo (Ag\u00eanciaJor). O Sistema Ipanema e o curso de Jornalismo tem um conv\u00eanio desde 2010 para a veicula\u00e7\u00e3o da produ\u00e7\u00e3o jornal\u00edstica desenvolvida pelos estudantes. Hoje, o Portal Ipanema conta com quatro estagi\u00e1rios de Jornalismo.&nbsp;<\/div>\n<div style=\"text-align: justify;\"><\/div>\n<div style=\"text-align: justify;\"><b>Alexandre Machado (Ag\u00eanciaJor \/ Uniso)  <\/b><\/div>\n","protected":false},"excerpt":{"rendered":"<p>Os estudantes do segundo per\u00edodo de Jornalismo receberam, nesta quarta-feira, 5, o editor do Jornal Ipanema, o jornalista Jonatas Rosa,<\/p>\n","protected":false},"author":1,"featured_media":0,"comment_status":"open","ping_status":"open","sticky":false,"template":"","format":"standard","meta":{"colormag_page_container_layout":"default_layout","colormag_page_sidebar_layout":"default_layout","footnotes":""},"categories":[1],"tags":[],"class_list":["post-763","post","type-post","status-publish","format-standard","hentry","category-uncategorized"],"featured_image_urls":{"full":"","thumbnail":"","medium":"","medium_large":"","large":"","1536x1536":"","2048x2048":"","colormag-highlighted-post":"","colormag-featured-post-medium":"","colormag-featured-post-small":"","colormag-featured-image":"","colormag-default-news":"","colormag-featured-image-large":""},"author_info":{"info":["focas"]},"category_info":"<a href=\"https:\/\/focas.uniso.br\/index.php\/category\/uncategorized\/\" rel=\"category tag\">Uncategorized<\/a>","tag_info":"Uncategorized","comment_count":"0","_links":{"self":[{"href":"https:\/\/focas.uniso.br\/index.php\/wp-json\/wp\/v2\/posts\/763","targetHints":{"allow":["GET"]}}],"collection":[{"href":"https:\/\/focas.uniso.br\/index.php\/wp-json\/wp\/v2\/posts"}],"about":[{"href":"https:\/\/focas.uniso.br\/index.php\/wp-json\/wp\/v2\/types\/post"}],"author":[{"embeddable":true,"href":"https:\/\/focas.uniso.br\/index.php\/wp-json\/wp\/v2\/users\/1"}],"replies":[{"embeddable":true,"href":"https:\/\/focas.uniso.br\/index.php\/wp-json\/wp\/v2\/comments?post=763"}],"version-history":[{"count":0,"href":"https:\/\/focas.uniso.br\/index.php\/wp-json\/wp\/v2\/posts\/763\/revisions"}],"wp:attachment":[{"href":"https:\/\/focas.uniso.br\/index.php\/wp-json\/wp\/v2\/media?parent=763"}],"wp:term":[{"taxonomy":"category","embeddable":true,"href":"https:\/\/focas.uniso.br\/index.php\/wp-json\/wp\/v2\/categories?post=763"},{"taxonomy":"post_tag","embeddable":true,"href":"https:\/\/focas.uniso.br\/index.php\/wp-json\/wp\/v2\/tags?post=763"}],"curies":[{"name":"wp","href":"https:\/\/api.w.org\/{rel}","templated":true}]}}