{"id":85,"date":"2019-09-14T12:48:00","date_gmt":"2019-09-14T12:48:00","guid":{"rendered":"http:\/\/focas.uniso.br\/index.php\/2019\/09\/14\/agenda-ai-8\/"},"modified":"2019-09-14T12:48:00","modified_gmt":"2019-09-14T12:48:00","slug":"agenda-ai-8","status":"publish","type":"post","link":"https:\/\/focas.uniso.br\/index.php\/2019\/09\/14\/agenda-ai-8\/","title":{"rendered":"Agenda A\u00ed! #8"},"content":{"rendered":"<div style=\"clear: both; text-align: center;\"><a href=\"https:\/\/1.bp.blogspot.com\/-KE0StbQGvC8\/XXzhKoUA_-I\/AAAAAAAAIcU\/lACTWqGe3VwdlWz3AtGyvUcO09jbHd_rgCLcBGAsYHQ\/s1600\/ra%25C3%25A7a%2Bnegra.jpg\" style=\"margin-left: 1em; margin-right: 1em;\"><img loading=\"lazy\" decoding=\"async\" border=\"0\" data-original-height=\"900\" data-original-width=\"1600\" height=\"360\" src=\"https:\/\/1.bp.blogspot.com\/-KE0StbQGvC8\/XXzhKoUA_-I\/AAAAAAAAIcU\/lACTWqGe3VwdlWz3AtGyvUcO09jbHd_rgCLcBGAsYHQ\/s640\/ra%25C3%25A7a%2Bnegra.jpg\" width=\"640\" \/><\/a><\/div>\n<p><b style=\"text-align: justify;\">Agenda a\u00ed!<\/b><span style=\"text-align: justify;\">&nbsp;\u00c9 uma coluna cultural com o objetivo de informar jovens universit\u00e1rios sobre as atra\u00e7\u00f5es culturais e demais eventos importantes que acontecem na regi\u00e3o de Sorocaba e no ambiente acad\u00eamico.<\/span><br \/><span style=\"text-align: justify;\"><br \/><\/span><span style=\"text-align: justify;\"><b>Confira a programa\u00e7\u00e3o no v\u00eddeo abaixo!<\/b><\/span><\/p>\n<p><\/p>\n<div style=\"text-align: center;\">&nbsp;  <iframe loading=\"lazy\" allow=\"accelerometer; autoplay; encrypted-media; gyroscope; picture-in-picture\" allowfullscreen=\"\" frameborder=\"0\" height=\"315\" src=\"https:\/\/www.youtube.com\/embed\/jROrq_n0MT8\" width=\"560\"><\/iframe><\/div>\n<div style=\"text-align: center;\"><\/div>\n<div style=\"text-align: left;\"><b style=\"font-size: small; text-align: justify;\">Ag\u00eancia Focs \/ Jornalismo Uniso<\/b><br style=\"font-size: small; text-align: justify;\" \/><i style=\"font-size: small; text-align: justify;\">Agenda A\u00ed \u00e9 produzido por Vivi Barbo em parceria com a TV Uniso<\/i><\/div>\n","protected":false},"excerpt":{"rendered":"<p>Agenda a\u00ed!&nbsp;\u00c9 uma coluna cultural com o objetivo de informar jovens universit\u00e1rios sobre as atra\u00e7\u00f5es culturais e demais eventos importantes<\/p>\n","protected":false},"author":1,"featured_media":0,"comment_status":"open","ping_status":"open","sticky":false,"template":"","format":"standard","meta":{"colormag_page_container_layout":"default_layout","colormag_page_sidebar_layout":"default_layout","footnotes":""},"categories":[4],"tags":[],"class_list":["post-85","post","type-post","status-publish","format-standard","hentry","category-evento"],"featured_image_urls":{"full":"","thumbnail":"","medium":"","medium_large":"","large":"","1536x1536":"","2048x2048":"","colormag-highlighted-post":"","colormag-featured-post-medium":"","colormag-featured-post-small":"","colormag-featured-image":"","colormag-default-news":"","colormag-featured-image-large":""},"author_info":{"info":["focas"]},"category_info":"<a href=\"https:\/\/focas.uniso.br\/index.php\/category\/evento\/\" rel=\"category tag\">Evento<\/a>","tag_info":"Evento","comment_count":"0","_links":{"self":[{"href":"https:\/\/focas.uniso.br\/index.php\/wp-json\/wp\/v2\/posts\/85","targetHints":{"allow":["GET"]}}],"collection":[{"href":"https:\/\/focas.uniso.br\/index.php\/wp-json\/wp\/v2\/posts"}],"about":[{"href":"https:\/\/focas.uniso.br\/index.php\/wp-json\/wp\/v2\/types\/post"}],"author":[{"embeddable":true,"href":"https:\/\/focas.uniso.br\/index.php\/wp-json\/wp\/v2\/users\/1"}],"replies":[{"embeddable":true,"href":"https:\/\/focas.uniso.br\/index.php\/wp-json\/wp\/v2\/comments?post=85"}],"version-history":[{"count":0,"href":"https:\/\/focas.uniso.br\/index.php\/wp-json\/wp\/v2\/posts\/85\/revisions"}],"wp:attachment":[{"href":"https:\/\/focas.uniso.br\/index.php\/wp-json\/wp\/v2\/media?parent=85"}],"wp:term":[{"taxonomy":"category","embeddable":true,"href":"https:\/\/focas.uniso.br\/index.php\/wp-json\/wp\/v2\/categories?post=85"},{"taxonomy":"post_tag","embeddable":true,"href":"https:\/\/focas.uniso.br\/index.php\/wp-json\/wp\/v2\/tags?post=85"}],"curies":[{"name":"wp","href":"https:\/\/api.w.org\/{rel}","templated":true}]}}