{"id":86,"date":"2019-09-07T14:51:00","date_gmt":"2019-09-07T14:51:00","guid":{"rendered":"http:\/\/focas.uniso.br\/index.php\/2019\/09\/07\/agenda-ai-7\/"},"modified":"2019-09-07T14:51:00","modified_gmt":"2019-09-07T14:51:00","slug":"agenda-ai-7","status":"publish","type":"post","link":"https:\/\/focas.uniso.br\/index.php\/2019\/09\/07\/agenda-ai-7\/","title":{"rendered":"Agenda A\u00ed! #7"},"content":{"rendered":"<div style=\"clear: both; text-align: center;\"><a href=\"https:\/\/1.bp.blogspot.com\/-8_PgNS2OlRg\/XXPEdQMaPoI\/AAAAAAAAIbc\/doUz15zPFdYTClL_CP6LgkKbnMuL7luxgCLcBGAs\/s1600\/vivi%2Bbarbo.png\" style=\"margin-left: 1em; margin-right: 1em;\"><img loading=\"lazy\" decoding=\"async\" border=\"0\" data-original-height=\"628\" data-original-width=\"1124\" height=\"356\" src=\"https:\/\/1.bp.blogspot.com\/-8_PgNS2OlRg\/XXPEdQMaPoI\/AAAAAAAAIbc\/doUz15zPFdYTClL_CP6LgkKbnMuL7luxgCLcBGAs\/s640\/vivi%2Bbarbo.png\" width=\"640\" \/><\/a><\/div>\n<p>&nbsp;   <\/p>\n<div style=\"text-align: justify;\"><\/div>\n<div style=\"text-align: justify;\"><\/div>\n<div style=\"text-align: justify;\"><b>Agenda a\u00ed!<\/b> \u00c9 uma coluna cultural com o objetivo de informar jovens universit\u00e1rios sobre as atra\u00e7\u00f5es culturais e demais eventos importantes que acontecem na regi\u00e3o de Sorocaba e no ambiente acad\u00eamico.<\/div>\n<div style=\"text-align: justify;\"><\/div>\n<div style=\"text-align: justify;\"><\/div>\n<div style=\"text-align: justify;\"><b>Trein\u00e3o de Primavera<\/b><\/div>\n<div style=\"text-align: justify;\">Neste s\u00e1bado (07), \u00e0s 9h, acontece o Trein\u00e3o de Primavera no Parque. Os treinos funcionais s\u00e3o organizados por um grupo de profissionais da \u00e1rea da sa\u00fade que buscam combater o sedentarismo em Sorocaba.<\/div>\n<div style=\"text-align: justify;\"><\/div>\n<div style=\"text-align: justify;\">As atividades ser\u00e3o realizadas em frente \u00e0 cabine da Guarda Municipal.<\/div>\n<div style=\"text-align: justify;\">O Parque das \u00c1guas fica na rua Antonio Joaquim Santana e o valor para participar da aula \u00e9 de R$10,00.<\/div>\n<div style=\"text-align: justify;\"><\/div>\n<div style=\"text-align: justify;\"><b>Tributo ao Queen<\/b><\/div>\n<div style=\"text-align: justify;\">O grupo Queen Tribute Brazil se apresenta neste s\u00e1bado (07) \u00e0s 20h no Sesi Sorocaba, com entrada gratuita. Adauto Lee (voz), Reinaldo Kramer (bateria e vocal), Ci\u00e7\u00e3o (teclado e vocal), Danilo Bellintani (contrabaixo e vocal) e Maurity Bernardes (guitarra e vocal), al\u00e9m de performar cl\u00e1ssicos que marcaram a carreira da banda brit\u00e2nica, utilizam figurino durante o show para envolver o p\u00fablico.<\/p>\n<p>O Sesi fica na rua Duque de Caxias, 494, no bairro Mangal e os ingressos v\u00e3o ser distribu\u00eddos no local.<\/p>\n<\/div>\n<div style=\"text-align: justify;\"><iframe loading=\"lazy\" allow=\"accelerometer; autoplay; encrypted-media; gyroscope; picture-in-picture\" allowfullscreen=\"\" frameborder=\"0\" height=\"315\" src=\"https:\/\/www.youtube.com\/embed\/HJIo-gW363E\" width=\"560\"><\/iframe><\/p>\n<\/div>\n<div style=\"text-align: justify;\"><\/div>\n<div style=\"text-align: justify;\"><b>Baile do Hawaii<\/b><\/div>\n<div style=\"text-align: justify;\">O Lar S\u00e3o Vicente De Paulo realizar\u00e1, neste s\u00e1bado (07), \u00e0s 22h, o Baile do Hawaii, que contar\u00e1 com m\u00fasica ao vivo, ao som de:<\/div>\n<div style=\"text-align: justify;\">&#8211; Banda Teresa Baddini<\/div>\n<div style=\"text-align: justify;\">&#8211; Michel Moraes<\/div>\n<div style=\"text-align: justify;\">&#8211; Everton Daniel<\/div>\n<div style=\"text-align: justify;\"><\/div>\n<div style=\"text-align: justify;\">A entrada pode ser adquirida antecipadamente por R$20,00 ou no evento, por R$30,00.<\/div>\n<div style=\"text-align: justify;\">Para mais informa\u00e7\u00f5es, o interessado pode entrar em contato com a organiza\u00e7\u00e3o pelo whats app (15) 99630-4489.<\/div>\n<div style=\"text-align: justify;\">O Lar S\u00e3o Vicente de Paulo fica na Av. Bet\u00e2nia, 1.255, no Jardim Bet\u00e2nia.<\/div>\n<div style=\"text-align: justify;\"><\/div>\n<div style=\"text-align: justify;\"><\/div>\n<div style=\"text-align: justify;\"><b>\u00c1frica Arte em Sorocaba<\/b><\/div>\n<div style=\"text-align: justify;\">Ap\u00f3s consolidar a marca da \u00c1frica Arte na capital, chegou a vez de atender ao nosso p\u00fablico do interior de S\u00e3o Paulo. At\u00e9 este domingo, 08 de setembro, Sorocaba recebe Africa Arte para mostrar a moda e cultura africana no Clube 28 de Setembro, que fica na rua Machado de Assis, 112, no Centro.<\/div>\n<div style=\"text-align: justify;\">Para mais informa\u00e7\u00f5es acesse a p\u00e1gina do evento no facebook<\/div>\n<div style=\"text-align: justify;\">(https:\/\/www.facebook.com\/events\/919013758433724\/)<\/p>\n<p><span style=\"text-align: justify;\"><span style=\"font-size: x-small;\"><b>Ag\u00eancia Focs \/ Jornalismo Uniso<\/b><br \/><i>Texto: Vivi Barbo<\/i><\/span><\/span><\/div>\n","protected":false},"excerpt":{"rendered":"<p>&nbsp; Agenda a\u00ed! \u00c9 uma coluna cultural com o objetivo de informar jovens universit\u00e1rios sobre as atra\u00e7\u00f5es culturais e demais<\/p>\n","protected":false},"author":1,"featured_media":0,"comment_status":"open","ping_status":"open","sticky":false,"template":"","format":"standard","meta":{"colormag_page_container_layout":"default_layout","colormag_page_sidebar_layout":"default_layout","footnotes":""},"categories":[4],"tags":[],"class_list":["post-86","post","type-post","status-publish","format-standard","hentry","category-evento"],"featured_image_urls":{"full":"","thumbnail":"","medium":"","medium_large":"","large":"","1536x1536":"","2048x2048":"","colormag-highlighted-post":"","colormag-featured-post-medium":"","colormag-featured-post-small":"","colormag-featured-image":"","colormag-default-news":"","colormag-featured-image-large":""},"author_info":{"info":["focas"]},"category_info":"<a href=\"https:\/\/focas.uniso.br\/index.php\/category\/evento\/\" rel=\"category tag\">Evento<\/a>","tag_info":"Evento","comment_count":"0","_links":{"self":[{"href":"https:\/\/focas.uniso.br\/index.php\/wp-json\/wp\/v2\/posts\/86","targetHints":{"allow":["GET"]}}],"collection":[{"href":"https:\/\/focas.uniso.br\/index.php\/wp-json\/wp\/v2\/posts"}],"about":[{"href":"https:\/\/focas.uniso.br\/index.php\/wp-json\/wp\/v2\/types\/post"}],"author":[{"embeddable":true,"href":"https:\/\/focas.uniso.br\/index.php\/wp-json\/wp\/v2\/users\/1"}],"replies":[{"embeddable":true,"href":"https:\/\/focas.uniso.br\/index.php\/wp-json\/wp\/v2\/comments?post=86"}],"version-history":[{"count":0,"href":"https:\/\/focas.uniso.br\/index.php\/wp-json\/wp\/v2\/posts\/86\/revisions"}],"wp:attachment":[{"href":"https:\/\/focas.uniso.br\/index.php\/wp-json\/wp\/v2\/media?parent=86"}],"wp:term":[{"taxonomy":"category","embeddable":true,"href":"https:\/\/focas.uniso.br\/index.php\/wp-json\/wp\/v2\/categories?post=86"},{"taxonomy":"post_tag","embeddable":true,"href":"https:\/\/focas.uniso.br\/index.php\/wp-json\/wp\/v2\/tags?post=86"}],"curies":[{"name":"wp","href":"https:\/\/api.w.org\/{rel}","templated":true}]}}