{"id":87,"date":"2019-09-05T18:38:00","date_gmt":"2019-09-05T18:38:00","guid":{"rendered":"http:\/\/focas.uniso.br\/index.php\/2019\/09\/05\/12a-edicao-da-pizza-escoteira-acontece-em-setembro\/"},"modified":"2019-09-05T18:38:00","modified_gmt":"2019-09-05T18:38:00","slug":"12a-edicao-da-pizza-escoteira-acontece-em-setembro","status":"publish","type":"post","link":"https:\/\/focas.uniso.br\/index.php\/2019\/09\/05\/12a-edicao-da-pizza-escoteira-acontece-em-setembro\/","title":{"rendered":"12\u00aa edi\u00e7\u00e3o da Pizza Escoteira acontece em setembro"},"content":{"rendered":"<p><\/p>\n<div style=\"clear: both; text-align: center;\"><\/div>\n<p><\/p>\n<div style=\"clear: both; text-align: center;\"><a href=\"https:\/\/1.bp.blogspot.com\/-akiIiXfEeTI\/XXFVqyDdOGI\/AAAAAAAAIY4\/fxIU7cCheI4HPPUJnGtpSea4UGF7xqamgCLcBGAs\/s1600\/e9bc48bf-a9b7-407e-88e6-33e0b3dd67a0.jpg\" style=\"margin-left: 1em; margin-right: 1em;\"><img loading=\"lazy\" decoding=\"async\" border=\"0\" data-original-height=\"1246\" data-original-width=\"1280\" height=\"622\" src=\"https:\/\/1.bp.blogspot.com\/-akiIiXfEeTI\/XXFVqyDdOGI\/AAAAAAAAIY4\/fxIU7cCheI4HPPUJnGtpSea4UGF7xqamgCLcBGAs\/s640\/e9bc48bf-a9b7-407e-88e6-33e0b3dd67a0.jpg\" width=\"640\" \/><\/a><\/div>\n<div style=\"clear: both; text-align: center;\"><\/div>\n<div style=\"text-align: justify;\"><span style=\"color: black; font-family: &quot;Times New Roman&quot;,serif; font-size: 12.0pt; line-height: 107%; mso-fareast-font-family: &quot;Times New Roman&quot;; mso-themecolor: text1;\"><br \/><\/span><\/div>\n<div style=\"text-align: justify;\"><span style=\"color: black; font-family: &quot;Times New Roman&quot;,serif; font-size: 12.0pt; line-height: 107%; mso-fareast-font-family: &quot;Times New Roman&quot;; mso-themecolor: text1;\"><br \/><\/span><\/div>\n<div style=\"text-align: justify;\"><span style=\"color: black; font-family: &quot;Times New Roman&quot;,serif; font-size: 12.0pt; line-height: 107%; mso-fareast-font-family: &quot;Times New Roman&quot;; mso-themecolor: text1;\">O Grupo de Escoteiros Ipanema, em Sorocaba desde 1992, est\u00e1 promovendo a venda de pizzas pr\u00e9-montadas, nos sabores calabresa, bauru e queijo, at\u00e9 o dia 14 de setembro. As pizzas custar\u00e3o 25 reais e poder\u00e3o ser encomendadas diretamente na sede do grupo, com retirada programada para o dia 21 de setembro, das 12h \u00e0s 14h, na rua Emilia Volpir Dec\u00e1ria, 10, Jardim Gutierrez.<o:p><\/o:p><\/span><\/div>\n<div style=\"text-align: justify;\"><span style=\"color: black; font-family: &quot;Times New Roman&quot;,serif; font-size: 12.0pt; line-height: 107%; mso-fareast-font-family: &quot;Times New Roman&quot;; mso-themecolor: text1;\"><br \/><\/span><\/div>\n<div style=\"text-align: justify;\"><span style=\"color: black; font-family: &quot;Times New Roman&quot;,serif; font-size: 12.0pt; line-height: 107%; mso-fareast-font-family: &quot;Times New Roman&quot;; mso-themecolor: text1;\">O evento tem o intuito de arrecadar fundos para a constru\u00e7\u00e3o de uma nova sede para o grupo, devido ao crescimento no n\u00famero de crian\u00e7as atendidas. O Grupo de Escoteiros Ipanema, desde 2000 reconhecido pela Prefeitura de Sorocaba como uma entidade de utilidade p\u00fablica, utiliza atualmente um espa\u00e7o cedido pela antiga metal\u00fargica Villares. 152 jovens s\u00e3o atendidos e, para a faixa et\u00e1ria dos Lobinhos (6 a 11 anos), h\u00e1 uma lista de espera que chega a dois anos. O trabalho \u00e9 todo conduzido por volunt\u00e1rios.<o:p><\/o:p><\/span><\/div>\n<div style=\"text-align: justify;\"><span style=\"color: black; font-family: &quot;Times New Roman&quot;,serif; font-size: 12.0pt; line-height: 107%; mso-fareast-font-family: &quot;Times New Roman&quot;; mso-themecolor: text1;\"><br \/><\/span><\/div>\n<div style=\"text-align: justify;\"><span style=\"color: black; font-family: &quot;Times New Roman&quot;,serif; font-size: 12.0pt; line-height: 107%; mso-fareast-font-family: &quot;Times New Roman&quot;; mso-themecolor: text1;\">\u201cN\u00f3s trabalhamos a hierarquia, o trabalho em equipe e o patriotismo. Os pais dos escoteiros procuram direcionar os filhos a esse norte, j\u00e1 na idade de Lobinho\u201d, diz Ant\u00f4nio S\u00e9rgio Nunes Sim\u00e3o, 57, diretor t\u00e9cnico do grupo Ipanema, que deu in\u00edcio \u00e0 sua atua\u00e7\u00e3o como volunt\u00e1rio ap\u00f3s incentivar as filhas \u2014 hoje j\u00e1 adultas \u2014 a participar.<o:p><\/o:p><\/span><\/div>\n<div style=\"text-align: justify;\"><span style=\"color: black; font-family: &quot;Times New Roman&quot;,serif; font-size: 12.0pt; line-height: 107%; mso-fareast-font-family: &quot;Times New Roman&quot;; mso-themecolor: text1;\"><br \/><\/span><\/div>\n<table align=\"center\" cellpadding=\"0\" cellspacing=\"0\" style=\"margin-left: auto; margin-right: auto; text-align: center;\">\n<tbody>\n<tr>\n<td style=\"text-align: center;\"><a href=\"https:\/\/1.bp.blogspot.com\/-lkkWule22yk\/XXFUiIuWs-I\/AAAAAAAAIYs\/edGv_K5mxPEtM1ePMkzgXbuPKkY_M_VVwCEwYBhgL\/s1600\/828e1c35-b447-4245-86ba-3928662261b6.jpg\" style=\"margin-left: auto; margin-right: auto;\"><img loading=\"lazy\" decoding=\"async\" border=\"0\" data-original-height=\"960\" data-original-width=\"1280\" height=\"480\" src=\"https:\/\/1.bp.blogspot.com\/-lkkWule22yk\/XXFUiIuWs-I\/AAAAAAAAIYs\/edGv_K5mxPEtM1ePMkzgXbuPKkY_M_VVwCEwYBhgL\/s640\/828e1c35-b447-4245-86ba-3928662261b6.jpg\" width=\"640\" \/><\/a><\/td>\n<\/tr>\n<tr>\n<td style=\"text-align: center;\"><i>Ant\u00f4nio S\u00e9rgio Nunes Sim\u00e3o e a tropa S\u00eanior<\/i><\/td>\n<\/tr>\n<\/tbody>\n<\/table>\n<div style=\"text-align: justify;\"><span style=\"color: black; font-family: &quot;Times New Roman&quot;,serif; font-size: 12.0pt; line-height: 107%; mso-fareast-font-family: &quot;Times New Roman&quot;; mso-themecolor: text1;\"><br \/><\/span><\/div>\n<div style=\"text-align: justify;\"><span style=\"color: black; font-family: &quot;Times New Roman&quot;,serif; font-size: 12.0pt; line-height: 107%; mso-fareast-font-family: &quot;Times New Roman&quot;; mso-themecolor: text1;\">Tamb\u00e9m \u00e9 o caso de Cristiane Mota Santos, 43, policial militar, e S\u00edlvia Mara Domingues de Moraes Kniphoff, 51, professora universit\u00e1ria e artes\u00e3. Elas costumam levar os seus filhos Bryan Gabriel Mota dos Santos, de 9 anos, e Gabriel Augusto de Moraes Kniphoff, 7, \u00e0s atividades do grupo. \u201cJ\u00e1 tenho duas filhas que passaram por aqui antes do Bryan. O escotismo ajudou muito no desenvolvimento delas e, para ele, tamb\u00e9m est\u00e1 sendo show\u201d, conta Cristiane. \u201cO escotismo \u00e9 uma li\u00e7\u00e3o de vida\u201d, conclui S\u00edlvia, \u201cele ensina a ser cidad\u00e3o, a se virar sozinho. No caso do Gabriel, principalmente por ser filho \u00fanico e muito t\u00edmido, o escotismo faz com que ele se torne mais expansivo.\u201d<o:p><\/o:p><\/span><\/div>\n<div style=\"text-align: justify; text-indent: 42.55pt;\"><br style=\"mso-special-character: line-break;\" \/><!--[if !supportLineBreakNewLine]--><br style=\"mso-special-character: line-break;\" \/><!--[endif]--><span style=\"font-family: &quot;Times New Roman&quot;,serif; font-size: 12.0pt; line-height: 107%; mso-fareast-font-family: &quot;Times New Roman&quot;;\"><o:p><\/o:p><\/span><\/div>\n<div style=\"text-align: justify; text-indent: 42.55pt;\"><b><span style=\"color: black; font-family: &quot;Times New Roman&quot;,serif; font-size: 12.0pt; line-height: 107%; mso-fareast-font-family: &quot;Times New Roman&quot;; mso-themecolor: text1;\">Quem pode participar?<o:p><\/o:p><\/span><\/b><\/div>\n<div style=\"text-align: justify;\"><span style=\"color: black; font-family: &quot;Times New Roman&quot;,serif; font-size: 12.0pt; line-height: 107%; mso-fareast-font-family: &quot;Times New Roman&quot;; mso-themecolor: text1;\">O Escotismo se divide em quatro se\u00e7\u00f5es. Os Lobinhos t\u00eam de seis e meio a 11 anos de idade e o foco das atividades \u00e9 a divers\u00e3o, por meio de hist\u00f3rias e brincadeiras. Os Escoteiros t\u00eam dos 11 aos 14 anos e a \u00eanfase \u00e9 a autonomia, desenvolvida por meio de acampamentos e experi\u00eancias correlatas. Os S\u00eaniors t\u00eam dos 15 aos 17 anos e o foco \u00e9 o desenvolvimento da identidade, com desafios f\u00edsicos e intelectuais. Os Pioneiros t\u00eam dos 18 aos 21 anos, idade em que j\u00e1 devem estar prontos para servir a sociedade, atrav\u00e9s de trabalho volunt\u00e1rio, projetos solid\u00e1rios, de acordo com o tempo e disponibilidade de cada um, pondo em pr\u00e1tica o que foi aprendido em cada se\u00e7\u00e3o. Para entrar em contato com o Grupo de Escoteiros Ipanema \u00e9 s\u00f3 visitar a sede na rua Emilia Volpir Dec\u00e1ria, 10, Jardim Gutierrez. As reuni\u00f5es s\u00e3o aos s\u00e1bados das 9h \u00e0s 12h. <o:p><\/o:p><\/span><\/div>\n<div style=\"text-align: justify;\"><span style=\"color: black; font-family: &quot;Times New Roman&quot;,serif; font-size: 12.0pt; line-height: 107%; mso-fareast-font-family: &quot;Times New Roman&quot;; mso-themecolor: text1;\"><br \/><\/span><\/div>\n<div style=\"text-align: justify;\"><span style=\"color: black; font-family: &quot;Times New Roman&quot;,serif; font-size: 12.0pt; line-height: 107%; mso-fareast-font-family: &quot;Times New Roman&quot;; mso-themecolor: text1;\">Para mais informa\u00e7\u00f5es acesse <\/span><a href=\"https:\/\/www.facebook.com\/geipanema216\/\"><span style=\"font-family: &quot;Times New Roman&quot;,serif; font-size: 12.0pt; line-height: 107%; mso-fareast-font-family: &quot;Times New Roman&quot;;\">https:\/\/www.facebook.com\/geipanema216\/<\/span><\/a><span style=\"font-family: &quot;Times New Roman&quot;,serif; font-size: 12.0pt; line-height: 107%; mso-fareast-font-family: &quot;Times New Roman&quot;;\">.<span style=\"color: black; mso-themecolor: text1;\"><o:p><\/o:p><\/span><\/span><\/div>\n<div style=\"text-align: justify;\"><span style=\"font-family: &quot;Times New Roman&quot;,serif; font-size: 12.0pt; line-height: 107%; mso-fareast-font-family: &quot;Times New Roman&quot;;\"><br \/><\/span><\/div>\n<div style=\"text-align: justify;\"><span style=\"font-family: &quot;Times New Roman&quot;,serif; font-size: 12.0pt; line-height: 107%; mso-fareast-font-family: &quot;Times New Roman&quot;;\"><br \/><\/span><\/div>\n<div style=\"text-align: justify;\"><span style=\"font-family: &quot;Times New Roman&quot;,serif; font-size: 12.0pt; line-height: 107%; mso-fareast-font-family: &quot;Times New Roman&quot;;\"><br \/><\/span><\/div>\n<table align=\"center\" cellpadding=\"0\" cellspacing=\"0\" style=\"margin-left: auto; margin-right: auto; text-align: center;\">\n<tbody>\n<tr>\n<td style=\"text-align: center;\"><a href=\"https:\/\/1.bp.blogspot.com\/-7a-WrXEF3sk\/XXFUh7fb-6I\/AAAAAAAAIYo\/i1ZScH86Nn0WTKA6WL6WQYfOs466ad4hQCEwYBhgL\/s1600\/13e96f5a-33a4-4c41-b8f5-72424a389df2.jpg\" style=\"margin-left: auto; margin-right: auto;\"><img loading=\"lazy\" decoding=\"async\" border=\"0\" data-original-height=\"960\" data-original-width=\"1280\" height=\"480\" src=\"https:\/\/1.bp.blogspot.com\/-7a-WrXEF3sk\/XXFUh7fb-6I\/AAAAAAAAIYo\/i1ZScH86Nn0WTKA6WL6WQYfOs466ad4hQCEwYBhgL\/s640\/13e96f5a-33a4-4c41-b8f5-72424a389df2.jpg\" width=\"640\" \/><\/a><\/td>\n<\/tr>\n<tr>\n<td style=\"text-align: center;\">Grupo lobinho durante aula para hastear bandeira<\/td>\n<\/tr>\n<\/tbody>\n<\/table>\n<div style=\"text-align: justify;\"><span style=\"font-family: &quot;Times New Roman&quot;,serif; font-size: 12.0pt; line-height: 107%; mso-fareast-font-family: &quot;Times New Roman&quot;;\"><br \/><\/span><\/div>\n<div style=\"text-align: justify;\"><span style=\"font-family: &quot;Times New Roman&quot;,serif; font-size: 12.0pt; line-height: 107%; mso-fareast-font-family: &quot;Times New Roman&quot;;\"><br \/><\/span><\/div>\n<div style=\"text-align: justify;\"><span style=\"font-family: &quot;Times New Roman&quot;,serif; font-size: 12.0pt; line-height: 107%; mso-fareast-font-family: &quot;Times New Roman&quot;;\"><br \/><\/span><\/div>\n<div style=\"text-align: justify;\"><span style=\"font-family: &quot;Times New Roman&quot;,serif; font-size: 12.0pt; line-height: 107%; mso-fareast-font-family: &quot;Times New Roman&quot;;\"><br \/><\/span><\/div>\n<div style=\"text-align: justify;\"><b style=\"text-align: justify;\"><span style=\"font-size: x-small;\">Ag\u00eancia Focs \/ Jornalismo Uniso<\/span><\/b><\/div>\n<div style=\"text-align: justify;\"><span style=\"font-family: &quot;Times New Roman&quot;, serif; line-height: 107%;\"><i><span style=\"font-size: x-small;\">Texto e imagens: Thais Verderamis&nbsp;<\/span><\/i><\/span><\/div>\n<div style=\"text-align: justify;\"><span style=\"font-family: &quot;Times New Roman&quot;, serif; line-height: 107%;\"><i><span style=\"font-size: x-small;\">Arte Capa: Grupo Escoteiro Ipanema<\/span><\/i><\/span><\/div>\n<p><\/p>\n","protected":false},"excerpt":{"rendered":"<p>O Grupo de Escoteiros Ipanema, em Sorocaba desde 1992, est\u00e1 promovendo a venda de pizzas pr\u00e9-montadas, nos sabores calabresa, bauru<\/p>\n","protected":false},"author":1,"featured_media":0,"comment_status":"open","ping_status":"open","sticky":false,"template":"","format":"standard","meta":{"colormag_page_container_layout":"default_layout","colormag_page_sidebar_layout":"default_layout","footnotes":""},"categories":[5],"tags":[],"class_list":["post-87","post","type-post","status-publish","format-standard","hentry","category-foca-solidaria"],"featured_image_urls":{"full":"","thumbnail":"","medium":"","medium_large":"","large":"","1536x1536":"","2048x2048":"","colormag-highlighted-post":"","colormag-featured-post-medium":"","colormag-featured-post-small":"","colormag-featured-image":"","colormag-default-news":"","colormag-featured-image-large":""},"author_info":{"info":["focas"]},"category_info":"<a href=\"https:\/\/focas.uniso.br\/index.php\/category\/foca-solidaria\/\" rel=\"category tag\">Foca Solid\u00e1ria<\/a>","tag_info":"Foca Solid\u00e1ria","comment_count":"0","_links":{"self":[{"href":"https:\/\/focas.uniso.br\/index.php\/wp-json\/wp\/v2\/posts\/87","targetHints":{"allow":["GET"]}}],"collection":[{"href":"https:\/\/focas.uniso.br\/index.php\/wp-json\/wp\/v2\/posts"}],"about":[{"href":"https:\/\/focas.uniso.br\/index.php\/wp-json\/wp\/v2\/types\/post"}],"author":[{"embeddable":true,"href":"https:\/\/focas.uniso.br\/index.php\/wp-json\/wp\/v2\/users\/1"}],"replies":[{"embeddable":true,"href":"https:\/\/focas.uniso.br\/index.php\/wp-json\/wp\/v2\/comments?post=87"}],"version-history":[{"count":0,"href":"https:\/\/focas.uniso.br\/index.php\/wp-json\/wp\/v2\/posts\/87\/revisions"}],"wp:attachment":[{"href":"https:\/\/focas.uniso.br\/index.php\/wp-json\/wp\/v2\/media?parent=87"}],"wp:term":[{"taxonomy":"category","embeddable":true,"href":"https:\/\/focas.uniso.br\/index.php\/wp-json\/wp\/v2\/categories?post=87"},{"taxonomy":"post_tag","embeddable":true,"href":"https:\/\/focas.uniso.br\/index.php\/wp-json\/wp\/v2\/tags?post=87"}],"curies":[{"name":"wp","href":"https:\/\/api.w.org\/{rel}","templated":true}]}}