{"id":88,"date":"2019-08-29T21:13:00","date_gmt":"2019-08-29T21:13:00","guid":{"rendered":"http:\/\/focas.uniso.br\/index.php\/2019\/08\/29\/celebrando-os-50-anos-de-stonewall-parada-lgbtq-reune-milhares-de-pessoas-em-sorocaba\/"},"modified":"2019-08-29T21:13:00","modified_gmt":"2019-08-29T21:13:00","slug":"celebrando-os-50-anos-de-stonewall-parada-lgbtq-reune-milhares-de-pessoas-em-sorocaba","status":"publish","type":"post","link":"https:\/\/focas.uniso.br\/index.php\/2019\/08\/29\/celebrando-os-50-anos-de-stonewall-parada-lgbtq-reune-milhares-de-pessoas-em-sorocaba\/","title":{"rendered":"Celebrando os 50 anos de Stonewall, Parada LGBTQ+ re\u00fane milhares de pessoas em Sorocaba"},"content":{"rendered":"<div style=\"clear: both; text-align: center;\"><\/div>\n<p><\/p>\n<div style=\"clear: both; text-align: center;\"><a href=\"https:\/\/1.bp.blogspot.com\/-9RQQcRePEHM\/XWg6xrV1HcI\/AAAAAAAAIXA\/76PG2VmgyUgCTrDloJnRwqpNWZ4O4MnewCLcBGAs\/s1600\/Ap%25C3%25B3s%2Bo%2Bencontro%2Bna%2Bpra%25C3%25A7a%2BFrei%2BBara%25C3%25BAna%252C%2Bo%2Bevento%2Bmovimentou%2Bmultid%25C3%25B5es%2Bpelas%2Bruas%2Bde%2BSorocaba.JPG\" style=\"margin-left: 1em; margin-right: 1em;\"><img loading=\"lazy\" decoding=\"async\" border=\"0\" data-original-height=\"1067\" data-original-width=\"1600\" height=\"426\" src=\"https:\/\/1.bp.blogspot.com\/-9RQQcRePEHM\/XWg6xrV1HcI\/AAAAAAAAIXA\/76PG2VmgyUgCTrDloJnRwqpNWZ4O4MnewCLcBGAs\/s640\/Ap%25C3%25B3s%2Bo%2Bencontro%2Bna%2Bpra%25C3%25A7a%2BFrei%2BBara%25C3%25BAna%252C%2Bo%2Bevento%2Bmovimentou%2Bmultid%25C3%25B5es%2Bpelas%2Bruas%2Bde%2BSorocaba.JPG\" width=\"640\" \/><\/a><\/div>\n<div style=\"clear: both; text-align: center;\"><\/div>\n<div style=\"line-height: 150%; margin-top: 12.0pt; text-align: justify;\"><span style=\"font-size: 12pt;\">Ao caminhar pelas ruas do centro de Sorocaba no \u00faltimo dia 25, por um momento era poss\u00edvel pensar ser apenas mais uma quente e silenciosa tarde de domingo. Impress\u00e3o essa que logo se quebrava ao chegar \u00e0 Pra\u00e7a Frei Bara\u00fana, onde uma multid\u00e3o colorida e culturalmente diversa se misturava ao som de m\u00fasicas agitadas e gritos de ordem. Para todos os lados, viam-se as bandeiras listradas multicoloridas, s\u00edmbolos de uma causa cada vez mais expressiva, uma luta constante contra a discrimina\u00e7\u00e3o. Cada pessoa marcava sua presen\u00e7a n\u00e3o apenas para reafirmar sua resist\u00eancia, mas tamb\u00e9m para exercer sua liberdade de ser quem quiser sem se preocupar com qualquer tipo de preconceito. Era assim que tinha in\u00edcio a 14\u00aa Parada LGBT de Sorocaba.<\/span><\/div>\n<div style=\"line-height: 150%; margin-top: 12.0pt; text-align: justify;\"><span style=\"font-size: 12.0pt; line-height: 150%;\">\u201cNa nossa atual situa\u00e7\u00e3o pol\u00edtica, \u00e9 muito importante, \u00e9 um s\u00edmbolo de resist\u00eancia mais do que necess\u00e1rio, eu acho que \u00e9 uma forma de a gente reafirmar os nossos corpos estranhos, as nossas diferen\u00e7as e o que a gente \u00e9, sem r\u00f3tulos, s\u00f3 a gente sendo luz\u201d, argumenta Alisson Flora, 24 anos, uma das drag queens que estava na parada. \u201cEssa \u00e9 a segunda que eu participo. Eu morava em Santos, moro aqui em Sorocaba h\u00e1 pouco tempo, e pra mim est\u00e1 sendo \u00f3timo, est\u00e1 sendo muito bonito\u201d.<o:p><\/o:p><\/span><\/div>\n<div style=\"line-height: 150%; margin-top: 12.0pt; text-align: justify;\"><span style=\"font-size: 12.0pt; line-height: 150%;\">O evento, que esse ano homenageou o anivers\u00e1rio de 50 anos da Revolta de Stonewall, reuniu milhares de pessoas na pra\u00e7a do antigo F\u00f3rum Velho. A diversidade podia ser vista em todos os lugares, alguns participantes usavam fantasias, outros as suas pr\u00f3prias roupas, alguns tinham maquiagens elaboradas e outros tantos estavam cobertos de glitter. O importante era se sentir bem e ser voc\u00ea mesmo. \u201cEu acho que \u00e9 o momento de aquilo que est\u00e1 escondido em casa poder sair pra rua, \u00e9 um \u00fanico dia que na verdade devia ser o ano inteiro, mas pelo menos nesse dia a gente pode ficar \u00e0 vontade\u201d, expressa<b style=\"mso-bidi-font-weight: normal;\"> <\/b>a operadora de telemarketing Daiane Silva, de 30 anos.<o:p><\/o:p><\/span><\/div>\n<div style=\"line-height: 150%; margin-top: 12.0pt; text-align: justify;\"><span style=\"font-size: 12.0pt; line-height: 150%;\"><br \/><\/span><\/div>\n<table align=\"center\" cellpadding=\"0\" cellspacing=\"0\" style=\"margin-left: auto; margin-right: auto; text-align: center;\">\n<tbody>\n<tr>\n<td style=\"text-align: center;\"><a href=\"https:\/\/1.bp.blogspot.com\/-ecCNTpYBLuk\/XWg61VXPRoI\/AAAAAAAAIXE\/y2LvhWP6mPs2VqgIlC-vA4uAJ_cPWx5sgCLcBGAs\/s1600\/Drag%2Bqueens%252C%2Bcomo%2Ba%2BMaya%2BTrouble%252C%2Blevaram%2Ba%2Bexpressividade%2Bde%2Bsua%2Barte%2Bpara%2Ba%2BParada.JPG\" style=\"margin-left: auto; margin-right: auto;\"><img loading=\"lazy\" decoding=\"async\" border=\"0\" data-original-height=\"1067\" data-original-width=\"1600\" height=\"426\" src=\"https:\/\/1.bp.blogspot.com\/-ecCNTpYBLuk\/XWg61VXPRoI\/AAAAAAAAIXE\/y2LvhWP6mPs2VqgIlC-vA4uAJ_cPWx5sgCLcBGAs\/s640\/Drag%2Bqueens%252C%2Bcomo%2Ba%2BMaya%2BTrouble%252C%2Blevaram%2Ba%2Bexpressividade%2Bde%2Bsua%2Barte%2Bpara%2Ba%2BParada.JPG\" width=\"640\" \/><\/a><\/td>\n<\/tr>\n<tr>\n<td style=\"text-align: center;\">Drag queens, como a Maya Trouble, levaram a expressividade de sua arte para a Parada<\/td>\n<\/tr>\n<\/tbody>\n<\/table>\n<div style=\"line-height: 150%; margin-top: 12.0pt; text-align: justify;\"><span style=\"font-size: 12pt; line-height: 150%;\">Dentre a multid\u00e3o, havia grupos de amigos, fam\u00edlias com crian\u00e7as pequenas e casais, todos dividindo o mesmo espa\u00e7o, apenas aproveitando o momento. Seguindo a famosa frase \u201cVoc\u00ea n\u00e3o precisa ser gay para lutar contra a homofobia\u201d, a cabeleireira Selma Felix, 52 anos, que acompanhava o evento junto do seu marido comentou: <\/span><span style=\"font-family: &quot;times new roman&quot; , serif; font-size: 12pt; line-height: 150%;\">\u201c<\/span><span style=\"font-size: 12pt; line-height: 150%;\">A gente apoia a causa, mesmo que n\u00e3o tenha algu\u00e9m na fam\u00edlia. Eu acho bonito, \u00e9 um ato de liberdade isso, fazer o que quer, andar como quer, o importante \u00e9 ser feliz, eu acho isso\u201d.<\/span><\/div>\n<div style=\"line-height: 150%; margin-top: 12.0pt; text-align: justify;\"><span style=\"font-size: 12.0pt; line-height: 150%;\">\u201c\u00c9 uma forma de empoderamento e uma forma de mostrar que a gente est\u00e1 aqui pra viver, viver bem e feliz\u201d, diz o tamb\u00e9m cabeleireiro Erick Campos, de 29 anos. Coisa que Jos\u00e9 Renato Camargo, um vendedor de 24 anos, concorda. \u201cAqui eu tenho liberdade de estar abra\u00e7ado com o meu namorado sem precisar me preocupar. Eu posso ser carinhoso com a pessoa que eu amo, sem ter medo de algo acontecer com a gente\u201d, declarou abra\u00e7ando Patrick Ferreira, de 23 anos, seu namorado. E quando perguntada sobre a import\u00e2ncia desse evento, a estudante Franciele Martins, de 23 anos e amiga do casal, respondeu: \u201c\u00c9 poder ser livre para ser quem eu sou e isso \u00e9 muito bom!\u201d.<o:p><\/o:p><\/span><\/div>\n<div style=\"line-height: 150%; margin-top: 12.0pt; text-align: justify;\"><\/div>\n<div style=\"line-height: 150%; margin-top: 12.0pt; text-align: justify;\"><b style=\"mso-bidi-font-weight: normal;\"><span style=\"font-size: 12.0pt; line-height: 150%;\">A Revolta de Stonewall<o:p><\/o:p><\/span><\/b><\/div>\n<div style=\"background: white; border-left: none windowtext 1.0pt; border: none; mso-border-left-alt: none windowtext 0cm; mso-element: para-border-div; padding: 0cm 0cm 0cm 22.0pt;\">\n<div style=\"background: white; border: none; line-height: 150%; margin-bottom: 15.0pt; mso-border-left-alt: none windowtext 0cm; mso-padding-alt: 0cm 0cm 0cm 22.0pt; padding: 0cm; text-align: justify;\"><span style=\"color: black; font-size: 12.0pt; line-height: 150%;\">H\u00e1 50 anos houve o primeiro grande confronto entre a comunidade LGBTQ+ e representantes do governo. Foi esse o momento hist\u00f3rico que deu in\u00edcio a revolu\u00e7\u00e3o que buscava por direitos iguais. O palco dessa disputa foi o bar chamado \u201cStonewall Inn\u201d, que ficava em Greenwich Ville, um bairro da cidade de Nova York.<\/span><span style=\"font-size: 12.0pt; line-height: 150%;\"><o:p><\/o:p><\/span><\/div>\n<div style=\"background: white; border: none; line-height: 150%; margin-bottom: 15.0pt; mso-border-left-alt: none windowtext 0cm; mso-padding-alt: 0cm 0cm 0cm 22.0pt; padding: 0cm; text-align: justify;\"><span style=\"color: black; font-size: 12.0pt; line-height: 150%;\">Na \u00e9poca, esse bar era conhecido por receber v\u00e1rias pessoas que faziam parte da comunidade LGBTQ+ da cidade, incluindo gays, l\u00e9sbicas, drag queens e pessoas transg\u00eanero. Na noite de 28 de junho de 1969, a pol\u00edcia invadiu o bar e agrediu funcion\u00e1rios e clientes, mas eles n\u00e3o contavam com a rea\u00e7\u00e3o da popula\u00e7\u00e3o. A revolta foi t\u00e3o grande, que deu in\u00edcio a cinco dias de protestos contra a persegui\u00e7\u00e3o que a comunidade homossexual recebia e \u00e0 luta por direitos iguais a todos, independente de g\u00eanero e orienta\u00e7\u00e3o sexual. No ano seguinte, no lugar onde antes ficava o bar Stonewall Inn, houve a primeira Marcha do Dia da Liberta\u00e7\u00e3o. Com o passar do tempo essa marcha foi aumentando, sendo reproduzida em outros locais e acabou se tornando as Paradas do Orgulho LGBTQ+ que acontecem hoje em dia.<\/span><span style=\"font-size: 12.0pt; line-height: 150%;\"><o:p><\/o:p><\/span><\/div>\n<\/div>\n<table align=\"center\" cellpadding=\"0\" cellspacing=\"0\" style=\"margin-left: auto; margin-right: auto; text-align: center;\">\n<tbody>\n<tr>\n<td style=\"text-align: center;\"><a href=\"https:\/\/1.bp.blogspot.com\/-m_Z0_B00gtg\/XWg6uKLAR4I\/AAAAAAAAIW4\/4yEOJqb5b54XHI4w7pVV0hhUNfqM2CSmQCLcBGAs\/s1600\/A%2Bbandeira%2BLGBT%2Bcoloriu%2Bas%2Bruas%2Bdo%2Bcentro%2Bde%2BSorocaba.JPG\" style=\"margin-left: auto; margin-right: auto;\"><img loading=\"lazy\" decoding=\"async\" border=\"0\" data-original-height=\"1067\" data-original-width=\"1600\" height=\"426\" src=\"https:\/\/1.bp.blogspot.com\/-m_Z0_B00gtg\/XWg6uKLAR4I\/AAAAAAAAIW4\/4yEOJqb5b54XHI4w7pVV0hhUNfqM2CSmQCLcBGAs\/s640\/A%2Bbandeira%2BLGBT%2Bcoloriu%2Bas%2Bruas%2Bdo%2Bcentro%2Bde%2BSorocaba.JPG\" width=\"640\" \/><\/a><\/td>\n<\/tr>\n<tr>\n<td style=\"text-align: center;\">A bandeira LGBT coloriu as ruas do centro de Sorocaba<\/td>\n<\/tr>\n<\/tbody>\n<\/table>\n<p><b style=\"text-align: justify;\"><span style=\"font-size: x-small;\">Ag\u00eancia Focs \/ Jornalismo Uniso<\/span><\/b><br \/><b style=\"text-align: justify;\"><i><span style=\"font-size: x-small;\">Texto e Imagens: Antony Isidoro e Isa Feij\u00f3<\/span><\/i><\/b><\/p>\n","protected":false},"excerpt":{"rendered":"<p>Ao caminhar pelas ruas do centro de Sorocaba no \u00faltimo dia 25, por um momento era poss\u00edvel pensar ser apenas<\/p>\n","protected":false},"author":1,"featured_media":0,"comment_status":"open","ping_status":"open","sticky":false,"template":"","format":"standard","meta":{"colormag_page_container_layout":"default_layout","colormag_page_sidebar_layout":"default_layout","footnotes":""},"categories":[1],"tags":[],"class_list":["post-88","post","type-post","status-publish","format-standard","hentry","category-uncategorized"],"featured_image_urls":{"full":"","thumbnail":"","medium":"","medium_large":"","large":"","1536x1536":"","2048x2048":"","colormag-highlighted-post":"","colormag-featured-post-medium":"","colormag-featured-post-small":"","colormag-featured-image":"","colormag-default-news":"","colormag-featured-image-large":""},"author_info":{"info":["focas"]},"category_info":"<a href=\"https:\/\/focas.uniso.br\/index.php\/category\/uncategorized\/\" rel=\"category tag\">Uncategorized<\/a>","tag_info":"Uncategorized","comment_count":"0","_links":{"self":[{"href":"https:\/\/focas.uniso.br\/index.php\/wp-json\/wp\/v2\/posts\/88","targetHints":{"allow":["GET"]}}],"collection":[{"href":"https:\/\/focas.uniso.br\/index.php\/wp-json\/wp\/v2\/posts"}],"about":[{"href":"https:\/\/focas.uniso.br\/index.php\/wp-json\/wp\/v2\/types\/post"}],"author":[{"embeddable":true,"href":"https:\/\/focas.uniso.br\/index.php\/wp-json\/wp\/v2\/users\/1"}],"replies":[{"embeddable":true,"href":"https:\/\/focas.uniso.br\/index.php\/wp-json\/wp\/v2\/comments?post=88"}],"version-history":[{"count":0,"href":"https:\/\/focas.uniso.br\/index.php\/wp-json\/wp\/v2\/posts\/88\/revisions"}],"wp:attachment":[{"href":"https:\/\/focas.uniso.br\/index.php\/wp-json\/wp\/v2\/media?parent=88"}],"wp:term":[{"taxonomy":"category","embeddable":true,"href":"https:\/\/focas.uniso.br\/index.php\/wp-json\/wp\/v2\/categories?post=88"},{"taxonomy":"post_tag","embeddable":true,"href":"https:\/\/focas.uniso.br\/index.php\/wp-json\/wp\/v2\/tags?post=88"}],"curies":[{"name":"wp","href":"https:\/\/api.w.org\/{rel}","templated":true}]}}