{"id":895,"date":"2020-08-02T15:38:52","date_gmt":"2020-08-02T15:38:52","guid":{"rendered":"http:\/\/focas.uniso.br\/?p=895"},"modified":"2020-08-17T14:22:37","modified_gmt":"2020-08-17T14:22:37","slug":"alunos-da-uniso-sao-finalistas-no-premio-mobilidade-em-foco","status":"publish","type":"post","link":"https:\/\/focas.uniso.br\/index.php\/2020\/08\/02\/alunos-da-uniso-sao-finalistas-no-premio-mobilidade-em-foco\/","title":{"rendered":"Alunos da Uniso s\u00e3o finalistas no pr\u00eamio Mobilidade em Foco"},"content":{"rendered":"\n<p>Revela\u00e7\u00e3o dos vencedores foi feita por meio de uma transmiss\u00e3o virtual<\/p>\n\n\n\n<p><\/p>\n\n\n\n<p class=\"has-vivid-cyan-blue-color has-text-color\"><strong>Alexandre Meiken \u2013 Focas na Rede<\/strong><\/p>\n\n\n\n<figure class=\"wp-block-image size-large is-resized\"><img loading=\"lazy\" decoding=\"async\" src=\"https:\/\/focas.uniso.br\/wp-content\/uploads\/2020\/08\/premiomobilidade2020.jpeg\" alt=\"\" class=\"wp-image-898\" width=\"545\" height=\"531\" srcset=\"https:\/\/focas.uniso.br\/wp-content\/uploads\/2020\/08\/premiomobilidade2020.jpeg 587w, https:\/\/focas.uniso.br\/wp-content\/uploads\/2020\/08\/premiomobilidade2020-300x292.jpeg 300w\" sizes=\"auto, (max-width: 545px) 100vw, 545px\" \/><figcaption>Foto: Secom\/PMS<\/figcaption><\/figure>\n\n\n\n<p>Alunos do curso de Jornalismo da Uniso se destacaram na 2\u00aa edi\u00e7\u00e3o do pr\u00eamio \u201cMobilidade em foco\u201d, iniciativa das empresas de transporte de passageiros de Sorocaba: BRT Sorocaba, Consor e STU, com apoio da prefeitura de Sorocaba, por meio da Secretaria de Mobilidade e Desenvolvimento Estrat\u00e9gico e da Urbes \u2013 Tr\u00e2nsito e Transporte.<\/p>\n\n\n\n<p>A premia\u00e7\u00e3o tem o objetivo de incentivar a discuss\u00e3o e destacar as reportagens que abordam temas relacionados \u00e0 mobilidade urbana e ao transporte p\u00fablico de passageiros. A revela\u00e7\u00e3o dos vencedores foi feita por meio de uma transmiss\u00e3o virtual na \u00faltima quarta-feira (29), devido \u00e0 pandemia do novo coronavirus.<\/p>\n\n\n\n<p>As reportagens foram divididas em sete categorias, sendo elas: \u201creportagem impressa\u201d, \u201conline\u201d, \u201cestudante\u201d, \u201cradiojornalismo\u201d, \u201ctelejornalismo\u201d, \u201cboas pr\u00e1ticas do servi\u00e7o p\u00fablico em mobilidade\u201d, al\u00e9m do grande pr\u00eamio final que premiou a melhor reportagem entre todas as inscritas.<\/p>\n\n\n\n<p>Os vencedores de cada categoria profissional receberam, al\u00e9m de um trof\u00e9u e um certificado de participa\u00e7\u00e3o, o valor de R$ 1.500,00. J\u00e1 as vencedoras da categoria estudante e do grande pr\u00eamio, receberam o valor de R$ 800,00 e R$ 3.000,00, respectivamente.<\/p>\n\n\n\n<p>Entre os destaques, encontram-se alunos e ex-alunos do curso de Jornalismo da Uniso, sendo eles: Nicole Bonentti, vencedora da categoria estudante com uma reportagem veiculada pelo jornal \u201cCruzeiro do Sul\u201d; na segunda coloca\u00e7\u00e3o, Brenda Ponciano e Rubens Laturague, e, em terceiro lugar, Marcelo Gomes de Santana, que se formou no final de 2019, com reportagens veiculadas pelo Focas na Rede.<\/p>\n\n\n\n<p><\/p>\n\n\n\n<p><strong>Topo do p\u00f3dio<\/strong><\/p>\n\n\n\n<p>Com a reportagem \u201cAplicativos que facilitam o transporte s\u00e3o os mais utilizados pelos sorocabanos\u201d, veiculada na capa do jornal \u201cCruzeiro do Sul\u201d do dia 25 de dezembro de 2019, a estudante do \u00faltimo ano de Jornalismo da Uniso, Nicole Bonentti, conquistou o primeiro lugar na categoria \u201cEstudante\u201d, disputando o pr\u00eamio com outros colegas do curso.<\/p>\n\n\n\n<p>Ao preparar a mat\u00e9ria exclusivamente para o concurso, Nicole explicou que optou por uma abordagem diferente, j\u00e1 que duas colegas de trabalho tamb\u00e9m participaram da premia\u00e7\u00e3o. &nbsp;\u201cQuando a gente fala de mobilidade, tem muitos temas e eu fui para o lado da tecnologia. Eu sei que transporte por aplicativo \u00e9 algo que todo mundo usa hoje em dia. A\u00ed eu fui atr\u00e1s de dados nacionais, tinha uma pesquisa recente que eu achei muito legal e foi nela que eu me embasei\u201d.<\/p>\n\n\n\n<p>Apesar de a premia\u00e7\u00e3o n\u00e3o ter sido presencial por conta da pandemia do novo coronavirus, a torcida esteve em peso \u201cno momento da anuncia\u00e7\u00e3o eu estava com meus pais no quarto e foi muito bacana eles torcendo comigo, eu tinha amigos assistindo torcendo e tudo isso \u00e9 um combo de emo\u00e7\u00e3o. Queria que tivesse sido pessoalmente, mas, ao mesmo tempo, n\u00e3o tirou a emo\u00e7\u00e3o de ter sido o meu primeiro pr\u00eamio\u201d, disse.<\/p>\n\n\n\n<p>Com a vit\u00f3ria, a expectativa \u00e9 que possa participar de outros concursos futuramente \u201cagora eu ando com ele \u2013 o trof\u00e9u &#8211; abra\u00e7ada porque eu acho que a gente tem que celebrar mesmo as nossas vit\u00f3rias [&#8230;] Elas nos custam tanto, a gente batalha muito por elas. E eu estou muito feliz, posso falar agora que eu sou premiada e que eu espero que tenham outros logo, que eu d\u00ea irm\u00e3ozinhos para o meu pr\u00eamio em breve\u201d, concluiu aos risos.<\/p>\n\n\n\n<p><\/p>\n\n\n\n<p><strong>Do dever de casa ao p\u00f3dio<\/strong><\/p>\n\n\n\n<p>Foi partindo da disciplina \u201cT\u00e9cnicas de reportagem e entrevista\u201d, lecionada pelo professor Guilherme Profeta em 2019, que a dupla Brenda Ponciano e Rubens Laturague chegou ao final do pr\u00eamio \u201cMobilidade em Foco\u201d.<\/p>\n\n\n\n<p>A nota m\u00e1xima tirada no trabalho foi um incentivo para que os dois fizessem a inscri\u00e7\u00e3o da reportagem \u201cBicicleta \u00e9 op\u00e7\u00e3o diante dos desafios \u00e0 mobilidade urbana\u201d, de \u00faltima hora, conquistando o 2\u00ba lugar na categoria estudante.<\/p>\n\n\n\n<p>Apesar de n\u00e3o terem conquistado a primeira coloca\u00e7\u00e3o, a conquista foi motivo de orgulho para ambos \u201cn\u00e3o esperava ser finalista, mas depois que chegou a mensagem falando que a gente era finalista eu fiquei super feliz e ansiosa\u201d, afirmou Brenda. A estudante se sente grata pela oportunidade \u201ceu fiquei imensamente feliz e grata de ter sido finalista e para mim significa que eu estou no caminho certo, que eu fiz um trabalho legal\u201d, concluiu.<\/p>\n\n\n\n<p>Rubens compartilha o mesmo sentimento da parceira de trabalho e espera que um dia possa participar de novos concursos \u201cestar em uma premia\u00e7\u00e3o significa que eu estou no caminho certo da carreira que escolhi seguir para o resto da minha vida. Espero que eu continue trabalhando bem e que mais para frente possa vencer algum pr\u00eamio\u201d, disse.<\/p>\n\n\n\n<p>J\u00e1 Marcelo Gomes de Santana, que conquistou a terceira coloca\u00e7\u00e3o no pr\u00eamio, tamb\u00e9m abordou a bicicleta como forma alternativa de modal de transporte, optando pela vers\u00e3o el\u00e9trica do ve\u00edculo depois que descobriu uma startup do segmento na cidade. O rec\u00e9m-formado faz coro aos colegas de curso ao contar a experi\u00eancia de ser um dos finalistas do concurso \u201cescrever sobre um assunto t\u00e3o atual e importante para a cidade e poder participar de um pr\u00eamio que \u00e9 novo aqui em Sorocaba, mas que j\u00e1 \u00e9 t\u00e3o relevante, foi uma experi\u00eancia incr\u00edvel. \u00c9 muito legal quando os estudantes t\u00eam essa oportunidade de participar de premia\u00e7\u00f5es e mostrar seus trabalhos. Ver todo o seu esfor\u00e7o e dedica\u00e7\u00e3o serem recompensados dessa maneira \u00e9 muito gratificante\u201d, concluiu.<\/p>\n\n\n\n<p><\/p>\n\n\n\n<p><strong>Reportagens finalistas<\/strong><\/p>\n\n\n\n<p>A 2\u00aa edi\u00e7\u00e3o do pr\u00eamio \u201cMobilidade em Foco\u201d teve a participa\u00e7\u00e3o de jornalistas dos principais ve\u00edculos de comunica\u00e7\u00e3o da cidade. Alguns, inclusive, egressos do curso de Jornalismo da Uniso j\u00e1 premiados em outras ocasi\u00f5es. Confira abaixo a lista dos finalistas do concurso e os vencedores de cada categoria.<\/p>\n\n\n\n<p><\/p>\n\n\n\n<p class=\"has-very-dark-gray-color has-text-color\"><strong>Reportagem impressa:<\/strong> <\/p>\n\n\n\n<p class=\"has-vivid-cyan-blue-color has-text-color\"><strong>Larissa Pessoa de Carvalho \u2013 \u201cSorocabano repensa a mobilidade urbana\u201d (Jornal \u201cCruzeiro do Sul\u201d)<\/strong><\/p>\n\n\n\n<p>Ana Claudia Martins \u2013 \u201cObras do BRT impactam arboriza\u00e7\u00e3o de vias\u201d (Jornal \u201cCruzeiro do Sul\u201d)<\/p>\n\n\n\n<p>Ana Claudia Martins \u2013 \u201cMotoristas sentem falta de onda verde nos sem\u00e1foros\u201d (Jornal \u201cCruzeiro do Sul\u201d)<\/p>\n\n\n\n<p><strong>Online:<\/strong> <\/p>\n\n\n\n<p class=\"has-vivid-cyan-blue-color has-text-color\"><strong>Ana Claudia Martins \u2013 \u201cRaposo Tavares tem um acidente a cada dois dias\u201d (Jornal \u201cCruzeiro do Sul\u201d)<\/strong><\/p>\n\n\n\n<p>Larissa Pessoa de Carvalho \u2013 \u201cObras no BRT na avenida Itavuvu prosseguem com turnos noturnos\u201d (Jornal \u201cCruzeiro do Sul\u201d)<\/p>\n\n\n\n<p>Carlos Henrique Dias \u2013 \u201cVe\u00edculos emitem em m\u00e9dia 800 toneladas de CO2 por dia em Sorocaba\u201d (G1 Sorocaba)<\/p>\n\n\n\n<p><strong>Estudante<\/strong>: <\/p>\n\n\n\n<p class=\"has-vivid-cyan-blue-color has-text-color\"><strong>Nicole Bonentti &#8211;&nbsp; \u201cAplicativos que facilitam o transporte s\u00e3o os mais utilizados pelos sorocabanos\u201d (Jornal \u201cCruzeiro do Sul\u201d)<\/strong><\/p>\n\n\n\n<p>Brenda Ponciano e Rubens Laturague -\u201cBicicleta \u00e9 op\u00e7\u00e3o diante dos desafios \u00e0 mobilidade urbana\u201d (Focas na Rede)<\/p>\n\n\n\n<p>Marcelo Gomes de Santana \u2013 \u201cBicicletas el\u00e9tricas: uma alternativa para a mobilidade urbana de Sorocaba\u201d (Focas na Rede)<\/p>\n\n\n\n<p><strong>Radiojornalismo:<\/strong><\/p>\n\n\n\n<p class=\"has-vivid-cyan-blue-color has-text-color\"> <strong>Lucas Pedrozo &nbsp;\u2013 \u201cDesafio das cidades\u201d (Band FM)<\/strong><\/p>\n\n\n\n<p>Andr\u00e9 Luiz Medeiros Fazano \u2013 \u201cF\u00f3rum paulista de secret\u00e1rios e dirigentes p\u00fablicos de mobilidade urbana\u201d (Cruzeiro FM)<\/p>\n\n\n\n<p>Maria Helena Amorim \u2013 \u201cCiclovia pedala\u201d (Cruzeiro FM)<\/p>\n\n\n\n<p><strong>Telejornalismo:<\/strong> <\/p>\n\n\n\n<p class=\"has-vivid-cyan-blue-color has-text-color\"><strong>Arcilio Neto \u2013 \u201cReportagem especial dos 365 anos de Sorocaba\u201d (TV Tem Sorocaba)<\/strong><\/p>\n\n\n\n<p>Fernanda dos Santos Belo \u2013 \u201cAlternativas mobilidade\u201d (TV Sorocaba SBT)<\/p>\n\n\n\n<p>Elis\u00e2ngela Roza Marques \u2013 \u201cBikes v\u00e3o ocupar mais Sorocaba\u201d (Record TV Paulista)<\/p>\n\n\n\n<p><strong>Boas pr\u00e1ticas do servi\u00e7o p\u00fablico em mobilidade: <\/strong><\/p>\n\n\n\n<p class=\"has-vivid-cyan-blue-color has-text-color\"><strong>Larissa Pessoa \u2013 \u201cCrescem em 14% as v\u00edtimas em acidentes de tr\u00e2nsito com motos em Sorocaba\u201d (Jornal \u201cCruzeiro do Sul\u201d)<\/strong><\/p>\n\n\n\n<p>Carlos Henrique Dias \u2013 \u201cApps de transporte p\u00fablico e privado concentram milhares de usu\u00e1rios em Sorocaba\u201d (G1 Sorocaba)<\/p>\n\n\n\n<p>Ana Claudia Martins \u2013 \u201cFaixas para pedestres ainda n\u00e3o zeram atropelamentos\u201d (Jornal \u201cCruzeiro do Sul\u201d)<\/p>\n\n\n\n<p><strong>Categoria do grande pr\u00eamio:<\/strong> <\/p>\n\n\n\n<p class=\"has-vivid-cyan-blue-color has-text-color\"><strong>Ana Claudia Martins (Jornal \u201cCruzeiro do Sul\u201d)<\/strong><\/p>\n","protected":false},"excerpt":{"rendered":"<p>Revela\u00e7\u00e3o dos vencedores foi feita por meio de uma transmiss\u00e3o virtual Alexandre Meiken \u2013 Focas na Rede Alunos do curso<\/p>\n","protected":false},"author":1,"featured_media":898,"comment_status":"open","ping_status":"open","sticky":false,"template":"","format":"standard","meta":{"colormag_page_container_layout":"default_layout","colormag_page_sidebar_layout":"default_layout","footnotes":""},"categories":[1],"tags":[],"class_list":["post-895","post","type-post","status-publish","format-standard","has-post-thumbnail","hentry","category-uncategorized"],"featured_image_urls":{"full":["https:\/\/focas.uniso.br\/wp-content\/uploads\/2020\/08\/premiomobilidade2020.jpeg",587,572,false],"thumbnail":["https:\/\/focas.uniso.br\/wp-content\/uploads\/2020\/08\/premiomobilidade2020-150x150.jpeg",150,150,true],"medium":["https:\/\/focas.uniso.br\/wp-content\/uploads\/2020\/08\/premiomobilidade2020-300x292.jpeg",300,292,true],"medium_large":["https:\/\/focas.uniso.br\/wp-content\/uploads\/2020\/08\/premiomobilidade2020.jpeg",587,572,false],"large":["https:\/\/focas.uniso.br\/wp-content\/uploads\/2020\/08\/premiomobilidade2020.jpeg",587,572,false],"1536x1536":["https:\/\/focas.uniso.br\/wp-content\/uploads\/2020\/08\/premiomobilidade2020.jpeg",587,572,false],"2048x2048":["https:\/\/focas.uniso.br\/wp-content\/uploads\/2020\/08\/premiomobilidade2020.jpeg",587,572,false],"colormag-highlighted-post":["https:\/\/focas.uniso.br\/wp-content\/uploads\/2020\/08\/premiomobilidade2020.jpeg",279,272,false],"colormag-featured-post-medium":["https:\/\/focas.uniso.br\/wp-content\/uploads\/2020\/08\/premiomobilidade2020.jpeg",210,205,false],"colormag-featured-post-small":["https:\/\/focas.uniso.br\/wp-content\/uploads\/2020\/08\/premiomobilidade2020.jpeg",92,90,false],"colormag-featured-image":["https:\/\/focas.uniso.br\/wp-content\/uploads\/2020\/08\/premiomobilidade2020.jpeg",457,445,false],"colormag-default-news":["https:\/\/focas.uniso.br\/wp-content\/uploads\/2020\/08\/premiomobilidade2020.jpeg",150,146,false],"colormag-featured-image-large":["https:\/\/focas.uniso.br\/wp-content\/uploads\/2020\/08\/premiomobilidade2020.jpeg",587,572,false]},"author_info":{"info":["focas"]},"category_info":"<a href=\"https:\/\/focas.uniso.br\/index.php\/category\/uncategorized\/\" rel=\"category tag\">Uncategorized<\/a>","tag_info":"Uncategorized","comment_count":"0","_links":{"self":[{"href":"https:\/\/focas.uniso.br\/index.php\/wp-json\/wp\/v2\/posts\/895","targetHints":{"allow":["GET"]}}],"collection":[{"href":"https:\/\/focas.uniso.br\/index.php\/wp-json\/wp\/v2\/posts"}],"about":[{"href":"https:\/\/focas.uniso.br\/index.php\/wp-json\/wp\/v2\/types\/post"}],"author":[{"embeddable":true,"href":"https:\/\/focas.uniso.br\/index.php\/wp-json\/wp\/v2\/users\/1"}],"replies":[{"embeddable":true,"href":"https:\/\/focas.uniso.br\/index.php\/wp-json\/wp\/v2\/comments?post=895"}],"version-history":[{"count":4,"href":"https:\/\/focas.uniso.br\/index.php\/wp-json\/wp\/v2\/posts\/895\/revisions"}],"predecessor-version":[{"id":912,"href":"https:\/\/focas.uniso.br\/index.php\/wp-json\/wp\/v2\/posts\/895\/revisions\/912"}],"wp:featuredmedia":[{"embeddable":true,"href":"https:\/\/focas.uniso.br\/index.php\/wp-json\/wp\/v2\/media\/898"}],"wp:attachment":[{"href":"https:\/\/focas.uniso.br\/index.php\/wp-json\/wp\/v2\/media?parent=895"}],"wp:term":[{"taxonomy":"category","embeddable":true,"href":"https:\/\/focas.uniso.br\/index.php\/wp-json\/wp\/v2\/categories?post=895"},{"taxonomy":"post_tag","embeddable":true,"href":"https:\/\/focas.uniso.br\/index.php\/wp-json\/wp\/v2\/tags?post=895"}],"curies":[{"name":"wp","href":"https:\/\/api.w.org\/{rel}","templated":true}]}}