{"id":905,"date":"2020-08-17T14:15:48","date_gmt":"2020-08-17T14:15:48","guid":{"rendered":"http:\/\/focas.uniso.br\/?p=905"},"modified":"2020-08-17T14:23:00","modified_gmt":"2020-08-17T14:23:00","slug":"blog-abelha-expressa-abre-oportunidade-para-alunos-publicarem-suas-reportagens","status":"publish","type":"post","link":"https:\/\/focas.uniso.br\/index.php\/2020\/08\/17\/blog-abelha-expressa-abre-oportunidade-para-alunos-publicarem-suas-reportagens\/","title":{"rendered":"Blog Abelha Expressa abre oportunidade para alunos publicarem suas reportagens"},"content":{"rendered":"\n<p class=\"has-vivid-cyan-blue-color has-text-color\"><strong>VINICIUS LARA &#8211; (AG\u00caNCIA FOCS \/ JORNALISMO UNISO)<\/strong><\/p>\n\n\n\n<figure class=\"wp-block-image size-large is-style-default\"><img loading=\"lazy\" decoding=\"async\" width=\"1024\" height=\"682\" src=\"https:\/\/focas.uniso.br\/wp-content\/uploads\/2020\/08\/abelha-1024x682.jpg\" alt=\"\" class=\"wp-image-908\" srcset=\"https:\/\/focas.uniso.br\/wp-content\/uploads\/2020\/08\/abelha-1024x682.jpg 1024w, https:\/\/focas.uniso.br\/wp-content\/uploads\/2020\/08\/abelha-300x200.jpg 300w, https:\/\/focas.uniso.br\/wp-content\/uploads\/2020\/08\/abelha-768x512.jpg 768w, https:\/\/focas.uniso.br\/wp-content\/uploads\/2020\/08\/abelha.jpg 1280w\" sizes=\"auto, (max-width: 1024px) 100vw, 1024px\" \/><figcaption>Foto &#8211; Arquivo pessoal<\/figcaption><\/figure>\n\n\n\n<p>Em meio a tantas not\u00edcias ruins, alunos de Jornalismo da Uniso criam blog para contar hist\u00f3rias de vida, de supera\u00e7\u00e3o, culturais e curiosas.&nbsp; A ideia \u00e9 fazer uma corrente do bem e contagiar leitores com boas not\u00edcias.<\/p>\n\n\n\n<p>O blog <a href=\"https:\/\/abelhaexpressa.wixsite.com\/portal\">abelhaexpressa.com<\/a> abre a sua \u201ccolmeia\u201d para estudantes de Jornalismo de todos os semestres, publicarem suas reportagens todo final de m\u00eas. \u201cN\u00f3s tamb\u00e9m somos alunos e sabemos da dificuldade, nem todos t\u00eam um est\u00e1gio e mesmo os que t\u00eam, encontram certos problemas para publicar os seus textos\u201d, diz Nicole Annunciato, estudante do sexto per\u00edodo de Jornalismo da Uniso e idealizadora do projeto. Quem tiver&nbsp; sugest\u00e3o de pauta pode passar a pauta ou fazer a mat\u00e9ria e enviar pelo <em>email <\/em><a href=\"mailto:abelhaexpressa@gmail.com\">abelhaexpressa@gmail.com<\/a> ou pelo instagram @<a href=\"https:\/\/instagram.com\/abelhaexpressa?igshid=930o5gqfugv5\">abelhaexpressa<\/a>&nbsp; para ser avaliada e publicada. Eles tamb\u00e9m oferecem uma ajudinha, dando dicas, para melhorar o texto.<\/p>\n\n\n\n<p>A ideia \u00e9 criar uma corrente para que todos possam contar suas hist\u00f3rias na&nbsp; p\u00e1gina e consequentemente ajudar os alunos com seu portf\u00f3lio. \u201cEu acho que&nbsp; ter uma oportunidade, sem custo, de escrever uma boa hist\u00f3ria j\u00e1 \u00e9 algo que motiva.&nbsp; De repente, uma hist\u00f3ria de um aluno pode viralizar e isso s\u00f3 vai ajud\u00e1-lo\u201d, enfatiza Rodrigo Andrade<strong>, <\/strong>&nbsp;estudante do quinto per\u00edodo e&nbsp; parceiro de Nicole na iniciativa. \u201cEu vejo muita concorr\u00eancia no jornalismo, nem sempre de maneira positiva. A nossa ideia \u00e9 dar um pouco de uni\u00e3o para os estudantes, para mostrar que o mundo n\u00e3o \u00e9 s\u00f3 concorr\u00eancia. O mundo \u00e9 tamb\u00e9m uni\u00e3o\u201d, completa Andrade<\/p>\n\n\n\n<p>A p\u00e1gina Abelha Expressa tem o <em>slogan <\/em>\u201cpolinizando o dia com boas not\u00edcias\u201d. O nome faz refer\u00eancia ao processo que os insetos fazem ao espalharem&nbsp; p\u00f3len no ar, ajudando as plantas a crescerem e darem flores ou frutos. \u201cUma abelha vai de flor em flor buscando p\u00f3len. \u00c9 como n\u00f3s do Abelha Expressa, vamos de pessoa em pessoa buscando hist\u00f3rias para polinizar o dia com boas not\u00edcias\u201d, explica Nicole.<\/p>\n\n\n\n<figure class=\"wp-block-image size-large\"><img loading=\"lazy\" decoding=\"async\" width=\"768\" height=\"1024\" src=\"https:\/\/focas.uniso.br\/wp-content\/uploads\/2020\/08\/abelha-2-768x1024.png\" alt=\"\" class=\"wp-image-907\" srcset=\"https:\/\/focas.uniso.br\/wp-content\/uploads\/2020\/08\/abelha-2-768x1024.png 768w, https:\/\/focas.uniso.br\/wp-content\/uploads\/2020\/08\/abelha-2-225x300.png 225w, https:\/\/focas.uniso.br\/wp-content\/uploads\/2020\/08\/abelha-2.png 774w\" sizes=\"auto, (max-width: 768px) 100vw, 768px\" \/><figcaption>Nicole Annunciato, idealizadora do projeto, em busca de boas hist\u00f3rias para contar<\/figcaption><\/figure>\n\n\n\n<p>O blog tem como foco as narrativas sobre pessoas que podem ser consideradas comuns, ou seja, mostrando fatos do cotidiano e que tenham contexto de supera\u00e7\u00e3o, curiosidades ou envolvam situa\u00e7\u00f5es inusitadas ou pouco conhecidas. \u201cTodo mundo tem um irm\u00e3o, um primo ou um tio que tem algo legal e ningu\u00e9m conhece. Todos que tiverem uma hist\u00f3ria interessante podem mandar sugest\u00f5es. Acredito que seja isso, estamos indo de flor em flor buscando o que \u00e9 bom\u201d. completa Nicole.<\/p>\n\n\n\n<p>A op\u00e7\u00e3o do blog em divulgar boas hist\u00f3rias \u00e9 para que n\u00e3o se perca a esperan\u00e7a e nem a f\u00e9 nestes tempos t\u00e3o dif\u00edceis que a sociedade em geral tem enfrentado. \u201cQuando vejo uma not\u00edcia feliz eu me sinto tocado, com o cora\u00e7\u00e3o um pouco mais leve. A gente v\u00ea tanta coisa ruim nos notici\u00e1rios e acaba esquecendo que tem coisas boas. Eu acredito que \u00f3timas not\u00edcias geram um rastro positivo e deixam marcas em cada pessoa. Compartilhar hist\u00f3rias acaba virando uma rede muito legal\u201d, diz Andrade.<\/p>\n","protected":false},"excerpt":{"rendered":"<p>VINICIUS LARA &#8211; (AG\u00caNCIA FOCS \/ JORNALISMO UNISO) Em meio a tantas not\u00edcias ruins, alunos de Jornalismo da Uniso criam<\/p>\n","protected":false},"author":1,"featured_media":908,"comment_status":"open","ping_status":"open","sticky":false,"template":"","format":"standard","meta":{"colormag_page_container_layout":"default_layout","colormag_page_sidebar_layout":"default_layout","footnotes":""},"categories":[1],"tags":[],"class_list":["post-905","post","type-post","status-publish","format-standard","has-post-thumbnail","hentry","category-uncategorized"],"featured_image_urls":{"full":["https:\/\/focas.uniso.br\/wp-content\/uploads\/2020\/08\/abelha.jpg",1280,853,false],"thumbnail":["https:\/\/focas.uniso.br\/wp-content\/uploads\/2020\/08\/abelha-150x150.jpg",150,150,true],"medium":["https:\/\/focas.uniso.br\/wp-content\/uploads\/2020\/08\/abelha-300x200.jpg",300,200,true],"medium_large":["https:\/\/focas.uniso.br\/wp-content\/uploads\/2020\/08\/abelha-768x512.jpg",768,512,true],"large":["https:\/\/focas.uniso.br\/wp-content\/uploads\/2020\/08\/abelha-1024x682.jpg",800,533,true],"1536x1536":["https:\/\/focas.uniso.br\/wp-content\/uploads\/2020\/08\/abelha.jpg",1280,853,false],"2048x2048":["https:\/\/focas.uniso.br\/wp-content\/uploads\/2020\/08\/abelha.jpg",1280,853,false],"colormag-highlighted-post":["https:\/\/focas.uniso.br\/wp-content\/uploads\/2020\/08\/abelha.jpg",392,261,false],"colormag-featured-post-medium":["https:\/\/focas.uniso.br\/wp-content\/uploads\/2020\/08\/abelha.jpg",308,205,false],"colormag-featured-post-small":["https:\/\/focas.uniso.br\/wp-content\/uploads\/2020\/08\/abelha.jpg",130,87,false],"colormag-featured-image":["https:\/\/focas.uniso.br\/wp-content\/uploads\/2020\/08\/abelha.jpg",668,445,false],"colormag-default-news":["https:\/\/focas.uniso.br\/wp-content\/uploads\/2020\/08\/abelha.jpg",150,100,false],"colormag-featured-image-large":["https:\/\/focas.uniso.br\/wp-content\/uploads\/2020\/08\/abelha.jpg",900,600,false]},"author_info":{"info":["focas"]},"category_info":"<a href=\"https:\/\/focas.uniso.br\/index.php\/category\/uncategorized\/\" rel=\"category tag\">Uncategorized<\/a>","tag_info":"Uncategorized","comment_count":"0","_links":{"self":[{"href":"https:\/\/focas.uniso.br\/index.php\/wp-json\/wp\/v2\/posts\/905","targetHints":{"allow":["GET"]}}],"collection":[{"href":"https:\/\/focas.uniso.br\/index.php\/wp-json\/wp\/v2\/posts"}],"about":[{"href":"https:\/\/focas.uniso.br\/index.php\/wp-json\/wp\/v2\/types\/post"}],"author":[{"embeddable":true,"href":"https:\/\/focas.uniso.br\/index.php\/wp-json\/wp\/v2\/users\/1"}],"replies":[{"embeddable":true,"href":"https:\/\/focas.uniso.br\/index.php\/wp-json\/wp\/v2\/comments?post=905"}],"version-history":[{"count":2,"href":"https:\/\/focas.uniso.br\/index.php\/wp-json\/wp\/v2\/posts\/905\/revisions"}],"predecessor-version":[{"id":913,"href":"https:\/\/focas.uniso.br\/index.php\/wp-json\/wp\/v2\/posts\/905\/revisions\/913"}],"wp:featuredmedia":[{"embeddable":true,"href":"https:\/\/focas.uniso.br\/index.php\/wp-json\/wp\/v2\/media\/908"}],"wp:attachment":[{"href":"https:\/\/focas.uniso.br\/index.php\/wp-json\/wp\/v2\/media?parent=905"}],"wp:term":[{"taxonomy":"category","embeddable":true,"href":"https:\/\/focas.uniso.br\/index.php\/wp-json\/wp\/v2\/categories?post=905"},{"taxonomy":"post_tag","embeddable":true,"href":"https:\/\/focas.uniso.br\/index.php\/wp-json\/wp\/v2\/tags?post=905"}],"curies":[{"name":"wp","href":"https:\/\/api.w.org\/{rel}","templated":true}]}}