{"id":91,"date":"2019-08-28T21:22:00","date_gmt":"2019-08-28T21:22:00","guid":{"rendered":"http:\/\/focas.uniso.br\/index.php\/2019\/08\/28\/idosos-do-lar-sao-vicente-de-paulo-precisam-de-doacoes\/"},"modified":"2019-08-28T21:22:00","modified_gmt":"2019-08-28T21:22:00","slug":"idosos-do-lar-sao-vicente-de-paulo-precisam-de-doacoes","status":"publish","type":"post","link":"https:\/\/focas.uniso.br\/index.php\/2019\/08\/28\/idosos-do-lar-sao-vicente-de-paulo-precisam-de-doacoes\/","title":{"rendered":"Idosos do Lar S\u00e3o Vicente de Paulo precisam de doa\u00e7\u00f5es"},"content":{"rendered":"<p><\/p>\n<div style=\"text-align: justify;\">O Lar S\u00e3o Vicente de Paulo, localizado na Zona Norte de Sorocaba, est\u00e1 precisando de doa\u00e7\u00f5es para manter a assist\u00eancia aos idosos abrigados. A entidade solicita itens de alimenta\u00e7\u00e3o e higiene, mas tamb\u00e9m aceita receber outros tipos de doa\u00e7\u00e3o que possam ser ofertadas em um bazar beneficente e, assim, revertidas em recursos para prestar os atendimentos aos idosos.<o:p><\/o:p><\/div>\n<div style=\"text-align: justify;\"><\/div>\n<div style=\"text-align: justify;\">Os produtos mais necess\u00e1rios s\u00e3o leite integral, \u00f3leo, a\u00e7\u00facar cristal, p\u00f3 de caf\u00e9, copos descart\u00e1veis (180ml), papel higi\u00eanico, fraldas geri\u00e1tricas (M, G e GG), aparelho de barbear (descart\u00e1vel), detergente, sacos de lixo (100L, 50L, 15L) e luvas de l\u00e1tex tamanho G. Para exemplificar a demanda, a entidade informa que, mensalmente, s\u00e3o utilizadas 4.800 fraldas, 8.000 copos descart\u00e1veis (180ml), 4.800 luvas de l\u00e1tex e 180 aparelhos de barbear. <o:p><\/o:p><\/div>\n<div style=\"text-align: justify;\"><\/div>\n<div style=\"text-align: justify;\">Para doar basta comparecer \u00e0 Avenida Bet\u00e2nia, n\u00ba 1.256 \u2013 Jd. Bet\u00e2nia, ou entrar em contato pelo telefone (15) 3313-9100, para solicitar a retirada da doa\u00e7\u00e3o.<span style=\"mso-spacerun: yes;\">&nbsp; <\/span>Para os interessados no bazar beneficente, o funcionamento \u00e9 de segunda a sexta, das 8h \u00e0s 16h30, na pr\u00f3pria entidade. <o:p><\/o:p><\/div>\n<p><b style=\"background-color: yellow; font-size: small; text-align: justify;\">Foca Solid\u00e1ria<\/b><br \/><b style=\"font-size: small; text-align: justify;\">Ag\u00eancia Focs \/ Jornalismo Uniso<\/b><br \/><b style=\"font-size: small; text-align: justify;\">Texto: Tha\u00eds Verderamis<\/b><\/p>\n","protected":false},"excerpt":{"rendered":"<p>O Lar S\u00e3o Vicente de Paulo, localizado na Zona Norte de Sorocaba, est\u00e1 precisando de doa\u00e7\u00f5es para manter a assist\u00eancia<\/p>\n","protected":false},"author":1,"featured_media":0,"comment_status":"open","ping_status":"open","sticky":false,"template":"","format":"standard","meta":{"colormag_page_container_layout":"default_layout","colormag_page_sidebar_layout":"default_layout","footnotes":""},"categories":[5],"tags":[],"class_list":["post-91","post","type-post","status-publish","format-standard","hentry","category-foca-solidaria"],"featured_image_urls":{"full":"","thumbnail":"","medium":"","medium_large":"","large":"","1536x1536":"","2048x2048":"","colormag-highlighted-post":"","colormag-featured-post-medium":"","colormag-featured-post-small":"","colormag-featured-image":"","colormag-default-news":"","colormag-featured-image-large":""},"author_info":{"info":["focas"]},"category_info":"<a href=\"https:\/\/focas.uniso.br\/index.php\/category\/foca-solidaria\/\" rel=\"category tag\">Foca Solid\u00e1ria<\/a>","tag_info":"Foca Solid\u00e1ria","comment_count":"0","_links":{"self":[{"href":"https:\/\/focas.uniso.br\/index.php\/wp-json\/wp\/v2\/posts\/91","targetHints":{"allow":["GET"]}}],"collection":[{"href":"https:\/\/focas.uniso.br\/index.php\/wp-json\/wp\/v2\/posts"}],"about":[{"href":"https:\/\/focas.uniso.br\/index.php\/wp-json\/wp\/v2\/types\/post"}],"author":[{"embeddable":true,"href":"https:\/\/focas.uniso.br\/index.php\/wp-json\/wp\/v2\/users\/1"}],"replies":[{"embeddable":true,"href":"https:\/\/focas.uniso.br\/index.php\/wp-json\/wp\/v2\/comments?post=91"}],"version-history":[{"count":0,"href":"https:\/\/focas.uniso.br\/index.php\/wp-json\/wp\/v2\/posts\/91\/revisions"}],"wp:attachment":[{"href":"https:\/\/focas.uniso.br\/index.php\/wp-json\/wp\/v2\/media?parent=91"}],"wp:term":[{"taxonomy":"category","embeddable":true,"href":"https:\/\/focas.uniso.br\/index.php\/wp-json\/wp\/v2\/categories?post=91"},{"taxonomy":"post_tag","embeddable":true,"href":"https:\/\/focas.uniso.br\/index.php\/wp-json\/wp\/v2\/tags?post=91"}],"curies":[{"name":"wp","href":"https:\/\/api.w.org\/{rel}","templated":true}]}}