{"id":92,"date":"2019-08-26T12:18:00","date_gmt":"2019-08-26T12:18:00","guid":{"rendered":"http:\/\/focas.uniso.br\/index.php\/2019\/08\/26\/enfermagem-do-bem-arrecada-alimentos-para-o-gpaci\/"},"modified":"2019-08-26T12:18:00","modified_gmt":"2019-08-26T12:18:00","slug":"enfermagem-do-bem-arrecada-alimentos-para-o-gpaci","status":"publish","type":"post","link":"https:\/\/focas.uniso.br\/index.php\/2019\/08\/26\/enfermagem-do-bem-arrecada-alimentos-para-o-gpaci\/","title":{"rendered":"Enfermagem do Bem arrecada alimentos para o Gpaci"},"content":{"rendered":"<div style=\"text-align: justify;\">\u201cEnfermagem do Bem\u201d \u00e9 o nome da campanha que est\u00e1 sendo desenvolvida na Universidade de Sorocaba (Uniso) at\u00e9 o dia 30 de agosto para arrecadar alimentos que ser\u00e3o destinados ao Grupo de Pesquisa e Assist\u00eancia ao C\u00e2ncer Infantil (Gpaci). A iniciativa \u00e9 do curso de gradua\u00e7\u00e3o em Enfermagem e os interessados podem entregar as doa\u00e7\u00f5es no laborat\u00f3rio da sala 207 do Bloco D, na Cidade Universit\u00e1ria \u201cProf. Aldo Vannucchi\u201d ou entrar em contato com alunos do curso.&nbsp; A entrega para o hospital ser\u00e1 feita na primeira semana de setembro. <o:p><\/o:p><\/p>\n<table align=\"center\" cellpadding=\"0\" cellspacing=\"0\" style=\"margin-left: auto; margin-right: auto; text-align: center;\">\n<tbody>\n<tr>\n<td style=\"text-align: center;\"><a href=\"https:\/\/1.bp.blogspot.com\/-H0ECmSVZ9bE\/XWPNrbIZmOI\/AAAAAAAAIWM\/bPSb6eI6-mA5rLJ6ujn3USZl0LF2BtjcgCLcBGAs\/s1600\/WhatsApp%2BImage%2B2019-08-20%2Bat%2B20.47.38.jpeg\" style=\"margin-left: auto; margin-right: auto;\"><img loading=\"lazy\" decoding=\"async\" border=\"0\" data-original-height=\"414\" data-original-width=\"459\" height=\"360\" src=\"https:\/\/1.bp.blogspot.com\/-H0ECmSVZ9bE\/XWPNrbIZmOI\/AAAAAAAAIWM\/bPSb6eI6-mA5rLJ6ujn3USZl0LF2BtjcgCLcBGAs\/s400\/WhatsApp%2BImage%2B2019-08-20%2Bat%2B20.47.38.jpeg\" width=\"400\" \/><\/a><\/td>\n<\/tr>\n<tr>\n<td style=\"text-align: center;\">Alunos de Enfermagem arrecadam alimentos para doar ao Gpaci<\/td>\n<\/tr>\n<\/tbody>\n<\/table>\n<\/div>\n<div style=\"text-align: justify;\"><\/div>\n<div style=\"text-align: justify;\">A ideia da a\u00e7\u00e3o surgiu no ano passado, a partir de uma outra arrecada\u00e7\u00e3o de alimentos que teve a colabora\u00e7\u00e3o do curso de Enfermagem. &#8220;Conseguimos arrecadar uma tonelada de alimentos. Muitas pessoas ajudaram e decidimos continuar com projetos&#8221;, disse Irineu Contini, um dos respons\u00e1veis pela campanha e coordenador do curso de Enfermagem da Uniso. <o:p><\/o:p><\/div>\n<div style=\"text-align: justify;\"><\/div>\n<div style=\"text-align: justify;\">O coordenador acentua que a a\u00e7\u00e3o tem o objetivo de incentivar o aluno a ter uma responsabilidade social e servir ao pr\u00f3ximo, o que \u00e9 considerada uma meta para o enfermeiro. Sendo assim, h\u00e1 previs\u00e3o de novas campanhas. &nbsp;&#8220;Nosso objetivo \u00e9 que existam mais edi\u00e7\u00f5es a cada m\u00eas&#8221;, afirmou.<o:p><\/o:p><\/div>\n<p><span style=\"font-family: &quot;calibri&quot; , sans-serif; font-size: 11.0pt; line-height: 107%;\">Para mais informa\u00e7\u00f5es, o contato deve ser com as alunas Amanda &#8211; (15) 99696-1317 e Rose &#8211; (15) 99792-5402.&nbsp;<\/span><br \/><span style=\"font-family: &quot;calibri&quot; , sans-serif; font-size: 11.0pt; line-height: 107%;\"><br \/><\/span><span style=\"font-family: &quot;calibri&quot; , sans-serif; font-size: 11.0pt; line-height: 107%;\"><br \/><\/span><span style=\"font-family: &quot;calibri&quot; , sans-serif; font-size: 11.0pt; line-height: 107%;\"><b style=\"background-color: yellow; font-family: &quot;Times New Roman&quot;; font-size: small; text-align: justify;\">Foca Solid\u00e1ria<\/b><\/span><span style=\"font-family: &quot;calibri&quot; , sans-serif; font-size: 11.0pt; line-height: 107%;\"><b style=\"font-family: &quot;Times New Roman&quot;; font-size: small; text-align: justify;\">Ag\u00eancia Focs \/ Jornalismo Uniso<\/b><\/span><br \/><span style=\"font-family: inherit; font-size: x-small;\"><b><i><span style=\"line-height: 107%;\">Texto:&nbsp;<\/span><span style=\"line-height: 107%;\">Pedro Camargo e Ana Carolina Santos&nbsp;<\/span><\/i><\/b><\/span><\/p>\n","protected":false},"excerpt":{"rendered":"<p>\u201cEnfermagem do Bem\u201d \u00e9 o nome da campanha que est\u00e1 sendo desenvolvida na Universidade de Sorocaba (Uniso) at\u00e9 o dia<\/p>\n","protected":false},"author":1,"featured_media":0,"comment_status":"open","ping_status":"open","sticky":false,"template":"","format":"standard","meta":{"colormag_page_container_layout":"default_layout","colormag_page_sidebar_layout":"default_layout","footnotes":""},"categories":[5],"tags":[],"class_list":["post-92","post","type-post","status-publish","format-standard","hentry","category-foca-solidaria"],"featured_image_urls":{"full":"","thumbnail":"","medium":"","medium_large":"","large":"","1536x1536":"","2048x2048":"","colormag-highlighted-post":"","colormag-featured-post-medium":"","colormag-featured-post-small":"","colormag-featured-image":"","colormag-default-news":"","colormag-featured-image-large":""},"author_info":{"info":["focas"]},"category_info":"<a href=\"https:\/\/focas.uniso.br\/index.php\/category\/foca-solidaria\/\" rel=\"category tag\">Foca Solid\u00e1ria<\/a>","tag_info":"Foca Solid\u00e1ria","comment_count":"0","_links":{"self":[{"href":"https:\/\/focas.uniso.br\/index.php\/wp-json\/wp\/v2\/posts\/92","targetHints":{"allow":["GET"]}}],"collection":[{"href":"https:\/\/focas.uniso.br\/index.php\/wp-json\/wp\/v2\/posts"}],"about":[{"href":"https:\/\/focas.uniso.br\/index.php\/wp-json\/wp\/v2\/types\/post"}],"author":[{"embeddable":true,"href":"https:\/\/focas.uniso.br\/index.php\/wp-json\/wp\/v2\/users\/1"}],"replies":[{"embeddable":true,"href":"https:\/\/focas.uniso.br\/index.php\/wp-json\/wp\/v2\/comments?post=92"}],"version-history":[{"count":0,"href":"https:\/\/focas.uniso.br\/index.php\/wp-json\/wp\/v2\/posts\/92\/revisions"}],"wp:attachment":[{"href":"https:\/\/focas.uniso.br\/index.php\/wp-json\/wp\/v2\/media?parent=92"}],"wp:term":[{"taxonomy":"category","embeddable":true,"href":"https:\/\/focas.uniso.br\/index.php\/wp-json\/wp\/v2\/categories?post=92"},{"taxonomy":"post_tag","embeddable":true,"href":"https:\/\/focas.uniso.br\/index.php\/wp-json\/wp\/v2\/tags?post=92"}],"curies":[{"name":"wp","href":"https:\/\/api.w.org\/{rel}","templated":true}]}}